{"id":1994,"date":"2014-12-20T22:28:07","date_gmt":"2014-12-20T21:28:07","guid":{"rendered":"http:\/\/sergiofoto.pl\/slub-martyny-artura-przygotowanie-panstwa-mlodych-2\/"},"modified":"2015-01-29T19:56:51","modified_gmt":"2015-01-29T18:56:51","slug":"matrimonio-di-martyna-e-artur-preparazione-in-casa-il-giorno-delle-nozze","status":"publish","type":"post","link":"https:\/\/www.sergiofoto.pl\/it\/matrimonio-di-martyna-e-artur-preparazione-in-casa-il-giorno-delle-nozze\/","title":{"rendered":"Matrimonio di Martyna e Artur &#8211; Preparazione in casa il giorno delle nozze"},"content":{"rendered":"<p>Ecco una parte delle foto del matrimonio di Martyna e Artur. In questo post pubblico solamente una parte delle fotografie delle preparazioni in casa degli sposi nel\u00a0giorno delle nozze. Il resto delle foto del matrimonio stesso, della festa in ristorante e dell&#8217;album fotografico.<\/p>\n<ul>\n<li><a title=\"Foto aperto matrimonio\" href=\"http:\/\/sergiofoto.it\/foto-allaperto-del-matrimonio-di-martyna-e-artur-parte-1\/\">Foto all&#8217;aperto<\/a> (parte 1)<\/li>\n<li><a title=\"Foto all'aperto di matrimonio\" href=\"http:\/\/sergiofoto.it\/album-tradizionale-e-cofanetto-per-bluray-con-le-foto-del-matrimonio-di-martyna-e-artur\/\">Foto all&#8217;aperto<\/a>\u00a0(cz\u0119\u015b\u0107\u00a02)<\/li>\n<li><a title=\"Album tradizionale matrimonio\" href=\"http:\/\/sergiofoto.pl\/album-tradycyjny-plyta-ze-zdjeciami-w-etui-slub-martyny-artura\/\">Album tradycyjny i p\u0142yta ze zdj\u0119ciami w Etui \u2013 \u015alub Martyny i Artura<\/a><\/li>\n<\/ul>\n<p>Volete anche voi un servizio fotografico unico nel suo genere? <a title=\"CONTATTACI\" href=\"http:\/\/sergiofoto.it\/contattaci\/\">Contattateci<\/a>.<\/p>\n<p>&nbsp;<\/p>\n<p><a href=\"http:\/\/www.sergiofoto.pl\/wp-content\/uploads\/2014\/12\/slub-martyna-artur-social-sergio-01.jpg\"><img loading=\"lazy\" decoding=\"async\" class=\"alignnone size-full wp-image-1947\" src=\"http:\/\/www.sergiofoto.pl\/wp-content\/uploads\/2014\/12\/slub-martyna-artur-social-sergio-01.jpg\" alt=\"\u015alub - Martyna i Artur - przygotowania pa\u0144stwa m\u0142odych\" width=\"1000\" height=\"667\" srcset=\"https:\/\/www.sergiofoto.pl\/wp-content\/uploads\/2014\/12\/slub-martyna-artur-social-sergio-01.jpg 1000w, https:\/\/www.sergiofoto.pl\/wp-content\/uploads\/2014\/12\/slub-martyna-artur-social-sergio-01-300x200.jpg 300w, https:\/\/www.sergiofoto.pl\/wp-content\/uploads\/2014\/12\/slub-martyna-artur-social-sergio-01-150x100.jpg 150w\" sizes=\"auto, (max-width: 1000px) 100vw, 1000px\" \/><\/a><\/p>\n<p><a href=\"http:\/\/www.sergiofoto.pl\/wp-content\/uploads\/2014\/12\/slub-martyna-artur-social-sergio-02.jpg\"><img loading=\"lazy\" decoding=\"async\" class=\"alignnone size-full wp-image-1949\" src=\"http:\/\/www.sergiofoto.pl\/wp-content\/uploads\/2014\/12\/slub-martyna-artur-social-sergio-02.jpg\" alt=\"\u015alub - Martyna i Artur - przygotowania pa\u0144stwa m\u0142odych\" width=\"1000\" height=\"667\" srcset=\"https:\/\/www.sergiofoto.pl\/wp-content\/uploads\/2014\/12\/slub-martyna-artur-social-sergio-02.jpg 1000w, https:\/\/www.sergiofoto.pl\/wp-content\/uploads\/2014\/12\/slub-martyna-artur-social-sergio-02-300x200.jpg 300w, https:\/\/www.sergiofoto.pl\/wp-content\/uploads\/2014\/12\/slub-martyna-artur-social-sergio-02-150x100.jpg 150w\" sizes=\"auto, (max-width: 1000px) 100vw, 1000px\" \/><\/a><\/p>\n<p><a href=\"http:\/\/www.sergiofoto.pl\/wp-content\/uploads\/2014\/12\/slub-martyna-artur-social-sergio-03.jpg\"><img loading=\"lazy\" decoding=\"async\" class=\"alignnone size-full wp-image-1943\" src=\"http:\/\/www.sergiofoto.pl\/wp-content\/uploads\/2014\/12\/slub-martyna-artur-social-sergio-03.jpg\" alt=\"\u015alub - Martyna i Artur - przygotowania pa\u0144stwa m\u0142odych\" width=\"1000\" height=\"667\" srcset=\"https:\/\/www.sergiofoto.pl\/wp-content\/uploads\/2014\/12\/slub-martyna-artur-social-sergio-03.jpg 1000w, https:\/\/www.sergiofoto.pl\/wp-content\/uploads\/2014\/12\/slub-martyna-artur-social-sergio-03-300x200.jpg 300w, https:\/\/www.sergiofoto.pl\/wp-content\/uploads\/2014\/12\/slub-martyna-artur-social-sergio-03-150x100.jpg 150w\" sizes=\"auto, (max-width: 1000px) 100vw, 1000px\" \/><\/a><\/p>\n<p><a href=\"http:\/\/www.sergiofoto.pl\/wp-content\/uploads\/2014\/12\/slub-martyna-artur-social-sergio-04.jpg\"><img loading=\"lazy\" decoding=\"async\" class=\"alignnone size-full wp-image-1945\" src=\"http:\/\/www.sergiofoto.pl\/wp-content\/uploads\/2014\/12\/slub-martyna-artur-social-sergio-04.jpg\" alt=\"\u015alub - Martyna i Artur - przygotowania pa\u0144stwa m\u0142odych\" width=\"1000\" height=\"667\" srcset=\"https:\/\/www.sergiofoto.pl\/wp-content\/uploads\/2014\/12\/slub-martyna-artur-social-sergio-04.jpg 1000w, https:\/\/www.sergiofoto.pl\/wp-content\/uploads\/2014\/12\/slub-martyna-artur-social-sergio-04-300x200.jpg 300w, https:\/\/www.sergiofoto.pl\/wp-content\/uploads\/2014\/12\/slub-martyna-artur-social-sergio-04-150x100.jpg 150w\" sizes=\"auto, (max-width: 1000px) 100vw, 1000px\" \/><\/a><\/p>\n<p><a href=\"http:\/\/www.sergiofoto.pl\/wp-content\/uploads\/2014\/12\/slub-martyna-artur-social-sergio-05.jpg\"><img loading=\"lazy\" decoding=\"async\" class=\"alignnone size-full wp-image-1952\" src=\"http:\/\/www.sergiofoto.pl\/wp-content\/uploads\/2014\/12\/slub-martyna-artur-social-sergio-05.jpg\" alt=\"\u015alub - Martyna i Artur - przygotowania pa\u0144stwa m\u0142odych\" width=\"1000\" height=\"667\" srcset=\"https:\/\/www.sergiofoto.pl\/wp-content\/uploads\/2014\/12\/slub-martyna-artur-social-sergio-05.jpg 1000w, https:\/\/www.sergiofoto.pl\/wp-content\/uploads\/2014\/12\/slub-martyna-artur-social-sergio-05-300x200.jpg 300w, https:\/\/www.sergiofoto.pl\/wp-content\/uploads\/2014\/12\/slub-martyna-artur-social-sergio-05-150x100.jpg 150w\" sizes=\"auto, (max-width: 1000px) 100vw, 1000px\" \/><\/a><\/p>\n<p><a href=\"http:\/\/www.sergiofoto.pl\/wp-content\/uploads\/2014\/12\/slub-martyna-artur-social-nata-06.jpg\"><img loading=\"lazy\" decoding=\"async\" class=\"alignnone size-full wp-image-1954\" src=\"http:\/\/www.sergiofoto.pl\/wp-content\/uploads\/2014\/12\/slub-martyna-artur-social-nata-06.jpg\" alt=\"\u015alub - Martyna i Artur - przygotowania pa\u0144stwa m\u0142odych\" width=\"1000\" height=\"667\" srcset=\"https:\/\/www.sergiofoto.pl\/wp-content\/uploads\/2014\/12\/slub-martyna-artur-social-nata-06.jpg 1000w, https:\/\/www.sergiofoto.pl\/wp-content\/uploads\/2014\/12\/slub-martyna-artur-social-nata-06-300x200.jpg 300w, https:\/\/www.sergiofoto.pl\/wp-content\/uploads\/2014\/12\/slub-martyna-artur-social-nata-06-150x100.jpg 150w\" sizes=\"auto, (max-width: 1000px) 100vw, 1000px\" \/><\/a><\/p>\n<p><a href=\"http:\/\/www.sergiofoto.pl\/wp-content\/uploads\/2014\/12\/slub-martyna-artur-social-sergio-07.jpg\"><img loading=\"lazy\" decoding=\"async\" class=\"alignnone size-full wp-image-1956\" src=\"http:\/\/www.sergiofoto.pl\/wp-content\/uploads\/2014\/12\/slub-martyna-artur-social-sergio-07.jpg\" alt=\"\u015alub - Martyna i Artur - przygotowania pa\u0144stwa m\u0142odych\" width=\"1000\" height=\"667\" srcset=\"https:\/\/www.sergiofoto.pl\/wp-content\/uploads\/2014\/12\/slub-martyna-artur-social-sergio-07.jpg 1000w, https:\/\/www.sergiofoto.pl\/wp-content\/uploads\/2014\/12\/slub-martyna-artur-social-sergio-07-300x200.jpg 300w, https:\/\/www.sergiofoto.pl\/wp-content\/uploads\/2014\/12\/slub-martyna-artur-social-sergio-07-150x100.jpg 150w\" sizes=\"auto, (max-width: 1000px) 100vw, 1000px\" \/><\/a><\/p>\n<p><a href=\"http:\/\/www.sergiofoto.pl\/wp-content\/uploads\/2014\/12\/slub-martyna-artur-social-nata-08.jpg\"><img loading=\"lazy\" decoding=\"async\" class=\"alignnone size-full wp-image-1958\" src=\"http:\/\/www.sergiofoto.pl\/wp-content\/uploads\/2014\/12\/slub-martyna-artur-social-nata-08.jpg\" alt=\"\u015alub - Martyna i Artur - przygotowania pa\u0144stwa m\u0142odych\" width=\"1000\" height=\"667\" srcset=\"https:\/\/www.sergiofoto.pl\/wp-content\/uploads\/2014\/12\/slub-martyna-artur-social-nata-08.jpg 1000w, https:\/\/www.sergiofoto.pl\/wp-content\/uploads\/2014\/12\/slub-martyna-artur-social-nata-08-300x200.jpg 300w, https:\/\/www.sergiofoto.pl\/wp-content\/uploads\/2014\/12\/slub-martyna-artur-social-nata-08-150x100.jpg 150w\" sizes=\"auto, (max-width: 1000px) 100vw, 1000px\" \/><\/a><\/p>\n<p><a href=\"http:\/\/www.sergiofoto.pl\/wp-content\/uploads\/2014\/12\/slub-martyna-artur-social-sergio-09.jpg\"><img loading=\"lazy\" decoding=\"async\" class=\"alignnone size-full wp-image-1962\" src=\"http:\/\/www.sergiofoto.pl\/wp-content\/uploads\/2014\/12\/slub-martyna-artur-social-sergio-09.jpg\" alt=\"\u015alub - Martyna i Artur - przygotowania pa\u0144stwa m\u0142odych\" width=\"1000\" height=\"667\" srcset=\"https:\/\/www.sergiofoto.pl\/wp-content\/uploads\/2014\/12\/slub-martyna-artur-social-sergio-09.jpg 1000w, https:\/\/www.sergiofoto.pl\/wp-content\/uploads\/2014\/12\/slub-martyna-artur-social-sergio-09-300x200.jpg 300w, https:\/\/www.sergiofoto.pl\/wp-content\/uploads\/2014\/12\/slub-martyna-artur-social-sergio-09-150x100.jpg 150w\" sizes=\"auto, (max-width: 1000px) 100vw, 1000px\" \/><\/a><\/p>\n<p><a href=\"http:\/\/www.sergiofoto.pl\/wp-content\/uploads\/2014\/12\/slub-martyna-artur-social-sergio-10.jpg\"><img loading=\"lazy\" decoding=\"async\" class=\"alignnone size-full wp-image-1960\" src=\"http:\/\/www.sergiofoto.pl\/wp-content\/uploads\/2014\/12\/slub-martyna-artur-social-sergio-10.jpg\" alt=\"\u015alub - Martyna i Artur - przygotowania pa\u0144stwa m\u0142odych\" width=\"1000\" height=\"667\" srcset=\"https:\/\/www.sergiofoto.pl\/wp-content\/uploads\/2014\/12\/slub-martyna-artur-social-sergio-10.jpg 1000w, https:\/\/www.sergiofoto.pl\/wp-content\/uploads\/2014\/12\/slub-martyna-artur-social-sergio-10-300x200.jpg 300w, https:\/\/www.sergiofoto.pl\/wp-content\/uploads\/2014\/12\/slub-martyna-artur-social-sergio-10-150x100.jpg 150w\" sizes=\"auto, (max-width: 1000px) 100vw, 1000px\" \/><\/a><\/p>\n<p><a href=\"http:\/\/www.sergiofoto.pl\/wp-content\/uploads\/2014\/12\/slub-martyna-artur-social-sergio-11.jpg\"><img loading=\"lazy\" decoding=\"async\" class=\"alignnone size-full wp-image-1964\" src=\"http:\/\/www.sergiofoto.pl\/wp-content\/uploads\/2014\/12\/slub-martyna-artur-social-sergio-11.jpg\" alt=\"\u015alub - Martyna i Artur - przygotowania pa\u0144stwa m\u0142odych\" width=\"1000\" height=\"667\" srcset=\"https:\/\/www.sergiofoto.pl\/wp-content\/uploads\/2014\/12\/slub-martyna-artur-social-sergio-11.jpg 1000w, https:\/\/www.sergiofoto.pl\/wp-content\/uploads\/2014\/12\/slub-martyna-artur-social-sergio-11-300x200.jpg 300w, https:\/\/www.sergiofoto.pl\/wp-content\/uploads\/2014\/12\/slub-martyna-artur-social-sergio-11-150x100.jpg 150w\" sizes=\"auto, (max-width: 1000px) 100vw, 1000px\" \/><\/a><\/p>\n<p><a href=\"http:\/\/www.sergiofoto.pl\/wp-content\/uploads\/2014\/12\/slub-martyna-artur-social-sergio-12.jpg\"><img loading=\"lazy\" decoding=\"async\" class=\"alignnone size-full wp-image-1966\" src=\"http:\/\/www.sergiofoto.pl\/wp-content\/uploads\/2014\/12\/slub-martyna-artur-social-sergio-12.jpg\" alt=\"\u015alub - Martyna i Artur - przygotowania pa\u0144stwa m\u0142odych\" width=\"1000\" height=\"1500\" srcset=\"https:\/\/www.sergiofoto.pl\/wp-content\/uploads\/2014\/12\/slub-martyna-artur-social-sergio-12.jpg 1000w, https:\/\/www.sergiofoto.pl\/wp-content\/uploads\/2014\/12\/slub-martyna-artur-social-sergio-12-200x300.jpg 200w, https:\/\/www.sergiofoto.pl\/wp-content\/uploads\/2014\/12\/slub-martyna-artur-social-sergio-12-683x1024.jpg 683w, https:\/\/www.sergiofoto.pl\/wp-content\/uploads\/2014\/12\/slub-martyna-artur-social-sergio-12-100x150.jpg 100w\" sizes=\"auto, (max-width: 1000px) 100vw, 1000px\" \/><\/a><\/p>\n<p><a href=\"http:\/\/www.sergiofoto.pl\/wp-content\/uploads\/2014\/12\/slub-martyna-artur-social-sergio-13.jpg\"><img loading=\"lazy\" decoding=\"async\" class=\"alignnone size-full wp-image-1969\" src=\"http:\/\/www.sergiofoto.pl\/wp-content\/uploads\/2014\/12\/slub-martyna-artur-social-sergio-13.jpg\" alt=\"\u015alub - Martyna i Artur - przygotowania pa\u0144stwa m\u0142odych\" width=\"1000\" height=\"1500\" srcset=\"https:\/\/www.sergiofoto.pl\/wp-content\/uploads\/2014\/12\/slub-martyna-artur-social-sergio-13.jpg 1000w, https:\/\/www.sergiofoto.pl\/wp-content\/uploads\/2014\/12\/slub-martyna-artur-social-sergio-13-200x300.jpg 200w, https:\/\/www.sergiofoto.pl\/wp-content\/uploads\/2014\/12\/slub-martyna-artur-social-sergio-13-683x1024.jpg 683w, https:\/\/www.sergiofoto.pl\/wp-content\/uploads\/2014\/12\/slub-martyna-artur-social-sergio-13-100x150.jpg 100w\" sizes=\"auto, (max-width: 1000px) 100vw, 1000px\" \/><\/a><\/p>\n<p><a href=\"http:\/\/www.sergiofoto.pl\/wp-content\/uploads\/2014\/12\/slub-martyna-artur-social-nata-14.jpg\"><img loading=\"lazy\" decoding=\"async\" class=\"alignnone size-full wp-image-1973\" src=\"http:\/\/www.sergiofoto.pl\/wp-content\/uploads\/2014\/12\/slub-martyna-artur-social-nata-14.jpg\" alt=\"\u015alub - Martyna i Artur - przygotowania pa\u0144stwa m\u0142odych\" width=\"1000\" height=\"667\" srcset=\"https:\/\/www.sergiofoto.pl\/wp-content\/uploads\/2014\/12\/slub-martyna-artur-social-nata-14.jpg 1000w, https:\/\/www.sergiofoto.pl\/wp-content\/uploads\/2014\/12\/slub-martyna-artur-social-nata-14-300x200.jpg 300w, https:\/\/www.sergiofoto.pl\/wp-content\/uploads\/2014\/12\/slub-martyna-artur-social-nata-14-150x100.jpg 150w\" sizes=\"auto, (max-width: 1000px) 100vw, 1000px\" \/><\/a><\/p>\n<p><a href=\"http:\/\/www.sergiofoto.pl\/wp-content\/uploads\/2014\/12\/slub-martyna-artur-social-sergio-15.jpg\"><img loading=\"lazy\" decoding=\"async\" class=\"alignnone size-full wp-image-1981\" src=\"http:\/\/www.sergiofoto.pl\/wp-content\/uploads\/2014\/12\/slub-martyna-artur-social-sergio-15.jpg\" alt=\"\u015alub - Martyna i Artur - przygotowania pa\u0144stwa m\u0142odych\" width=\"1000\" height=\"667\" srcset=\"https:\/\/www.sergiofoto.pl\/wp-content\/uploads\/2014\/12\/slub-martyna-artur-social-sergio-15.jpg 1000w, https:\/\/www.sergiofoto.pl\/wp-content\/uploads\/2014\/12\/slub-martyna-artur-social-sergio-15-300x200.jpg 300w, https:\/\/www.sergiofoto.pl\/wp-content\/uploads\/2014\/12\/slub-martyna-artur-social-sergio-15-150x100.jpg 150w\" sizes=\"auto, (max-width: 1000px) 100vw, 1000px\" \/><\/a><\/p>\n<p><a href=\"http:\/\/www.sergiofoto.pl\/wp-content\/uploads\/2014\/12\/slub-martyna-artur-social-sergio-16.jpg\"><img loading=\"lazy\" decoding=\"async\" class=\"alignnone size-full wp-image-1975\" src=\"http:\/\/www.sergiofoto.pl\/wp-content\/uploads\/2014\/12\/slub-martyna-artur-social-sergio-16.jpg\" alt=\"\u015alub - Martyna i Artur - przygotowania pa\u0144stwa m\u0142odych\" width=\"1000\" height=\"667\" srcset=\"https:\/\/www.sergiofoto.pl\/wp-content\/uploads\/2014\/12\/slub-martyna-artur-social-sergio-16.jpg 1000w, https:\/\/www.sergiofoto.pl\/wp-content\/uploads\/2014\/12\/slub-martyna-artur-social-sergio-16-300x200.jpg 300w, https:\/\/www.sergiofoto.pl\/wp-content\/uploads\/2014\/12\/slub-martyna-artur-social-sergio-16-150x100.jpg 150w\" sizes=\"auto, (max-width: 1000px) 100vw, 1000px\" \/><\/a><\/p>\n<p><a href=\"http:\/\/www.sergiofoto.pl\/wp-content\/uploads\/2014\/12\/slub-martyna-artur-social-sergio-17.jpg\"><img loading=\"lazy\" decoding=\"async\" class=\"alignnone size-full wp-image-1979\" src=\"http:\/\/www.sergiofoto.pl\/wp-content\/uploads\/2014\/12\/slub-martyna-artur-social-sergio-17.jpg\" alt=\"\u015alub - Martyna i Artur - przygotowania pa\u0144stwa m\u0142odych\" width=\"1000\" height=\"667\" srcset=\"https:\/\/www.sergiofoto.pl\/wp-content\/uploads\/2014\/12\/slub-martyna-artur-social-sergio-17.jpg 1000w, https:\/\/www.sergiofoto.pl\/wp-content\/uploads\/2014\/12\/slub-martyna-artur-social-sergio-17-300x200.jpg 300w, https:\/\/www.sergiofoto.pl\/wp-content\/uploads\/2014\/12\/slub-martyna-artur-social-sergio-17-150x100.jpg 150w\" sizes=\"auto, (max-width: 1000px) 100vw, 1000px\" \/><\/a><\/p>\n<p><a href=\"http:\/\/www.sergiofoto.pl\/wp-content\/uploads\/2014\/12\/slub-martyna-artur-social-sergio-18.jpg\"><img loading=\"lazy\" decoding=\"async\" class=\"alignnone size-full wp-image-1977\" src=\"http:\/\/www.sergiofoto.pl\/wp-content\/uploads\/2014\/12\/slub-martyna-artur-social-sergio-18.jpg\" alt=\"\u015alub - Martyna i Artur - przygotowania pa\u0144stwa m\u0142odych\" width=\"1000\" height=\"667\" srcset=\"https:\/\/www.sergiofoto.pl\/wp-content\/uploads\/2014\/12\/slub-martyna-artur-social-sergio-18.jpg 1000w, https:\/\/www.sergiofoto.pl\/wp-content\/uploads\/2014\/12\/slub-martyna-artur-social-sergio-18-300x200.jpg 300w, https:\/\/www.sergiofoto.pl\/wp-content\/uploads\/2014\/12\/slub-martyna-artur-social-sergio-18-150x100.jpg 150w\" sizes=\"auto, (max-width: 1000px) 100vw, 1000px\" \/><\/a><\/p>\n<p><a href=\"http:\/\/www.sergiofoto.pl\/wp-content\/uploads\/2014\/12\/slub-martyna-artur-social-nata-18.jpg\"><img loading=\"lazy\" decoding=\"async\" class=\"alignnone size-full wp-image-1971\" src=\"http:\/\/www.sergiofoto.pl\/wp-content\/uploads\/2014\/12\/slub-martyna-artur-social-nata-18.jpg\" alt=\"\u015alub - Martyna i Artur - przygotowania pa\u0144stwa m\u0142odych\" width=\"1000\" height=\"667\" srcset=\"https:\/\/www.sergiofoto.pl\/wp-content\/uploads\/2014\/12\/slub-martyna-artur-social-nata-18.jpg 1000w, https:\/\/www.sergiofoto.pl\/wp-content\/uploads\/2014\/12\/slub-martyna-artur-social-nata-18-300x200.jpg 300w, https:\/\/www.sergiofoto.pl\/wp-content\/uploads\/2014\/12\/slub-martyna-artur-social-nata-18-150x100.jpg 150w\" sizes=\"auto, (max-width: 1000px) 100vw, 1000px\" \/><\/a><\/p>\n<p><a href=\"http:\/\/www.sergiofoto.pl\/wp-content\/uploads\/2014\/12\/slub-martyna-artur-social-sergio-19.jpg\"><img loading=\"lazy\" decoding=\"async\" class=\"alignnone size-full wp-image-1990\" src=\"http:\/\/www.sergiofoto.pl\/wp-content\/uploads\/2014\/12\/slub-martyna-artur-social-sergio-19.jpg\" alt=\"\u015alub - Martyna i Artur - przygotowania pa\u0144stwa m\u0142odych\" width=\"1000\" height=\"667\" srcset=\"https:\/\/www.sergiofoto.pl\/wp-content\/uploads\/2014\/12\/slub-martyna-artur-social-sergio-19.jpg 1000w, https:\/\/www.sergiofoto.pl\/wp-content\/uploads\/2014\/12\/slub-martyna-artur-social-sergio-19-300x200.jpg 300w, https:\/\/www.sergiofoto.pl\/wp-content\/uploads\/2014\/12\/slub-martyna-artur-social-sergio-19-150x100.jpg 150w\" sizes=\"auto, (max-width: 1000px) 100vw, 1000px\" \/><\/a><\/p>\n<p><a href=\"http:\/\/www.sergiofoto.pl\/wp-content\/uploads\/2014\/12\/slub-martyna-artur-social-sergio-20.jpg\"><img loading=\"lazy\" decoding=\"async\" class=\"alignnone size-full wp-image-1984\" src=\"http:\/\/www.sergiofoto.pl\/wp-content\/uploads\/2014\/12\/slub-martyna-artur-social-sergio-20.jpg\" alt=\"\u015alub - Martyna i Artur - przygotowania pa\u0144stwa m\u0142odych\" width=\"1000\" height=\"667\" srcset=\"https:\/\/www.sergiofoto.pl\/wp-content\/uploads\/2014\/12\/slub-martyna-artur-social-sergio-20.jpg 1000w, https:\/\/www.sergiofoto.pl\/wp-content\/uploads\/2014\/12\/slub-martyna-artur-social-sergio-20-300x200.jpg 300w, https:\/\/www.sergiofoto.pl\/wp-content\/uploads\/2014\/12\/slub-martyna-artur-social-sergio-20-150x100.jpg 150w\" sizes=\"auto, (max-width: 1000px) 100vw, 1000px\" \/><\/a><\/p>\n<p><a href=\"http:\/\/www.sergiofoto.pl\/wp-content\/uploads\/2014\/12\/slub-martyna-artur-social-nata-21.jpg\"><img loading=\"lazy\" decoding=\"async\" class=\"alignnone size-full wp-image-1986\" src=\"http:\/\/www.sergiofoto.pl\/wp-content\/uploads\/2014\/12\/slub-martyna-artur-social-nata-21.jpg\" alt=\"\u015alub - Martyna i Artur - przygotowania pa\u0144stwa m\u0142odych\" width=\"1000\" height=\"667\" srcset=\"https:\/\/www.sergiofoto.pl\/wp-content\/uploads\/2014\/12\/slub-martyna-artur-social-nata-21.jpg 1000w, https:\/\/www.sergiofoto.pl\/wp-content\/uploads\/2014\/12\/slub-martyna-artur-social-nata-21-300x200.jpg 300w, https:\/\/www.sergiofoto.pl\/wp-content\/uploads\/2014\/12\/slub-martyna-artur-social-nata-21-150x100.jpg 150w\" sizes=\"auto, (max-width: 1000px) 100vw, 1000px\" \/><\/a><\/p>\n<p><a href=\"http:\/\/www.sergiofoto.pl\/wp-content\/uploads\/2014\/12\/slub-martyna-artur-social-sergio-22.jpg\"><img loading=\"lazy\" decoding=\"async\" class=\"alignnone size-full wp-image-1988\" src=\"http:\/\/www.sergiofoto.pl\/wp-content\/uploads\/2014\/12\/slub-martyna-artur-social-sergio-22.jpg\" alt=\"\u015alub - Martyna i Artur - przygotowania pa\u0144stwa m\u0142odych\" width=\"1000\" height=\"667\" srcset=\"https:\/\/www.sergiofoto.pl\/wp-content\/uploads\/2014\/12\/slub-martyna-artur-social-sergio-22.jpg 1000w, https:\/\/www.sergiofoto.pl\/wp-content\/uploads\/2014\/12\/slub-martyna-artur-social-sergio-22-300x200.jpg 300w, https:\/\/www.sergiofoto.pl\/wp-content\/uploads\/2014\/12\/slub-martyna-artur-social-sergio-22-150x100.jpg 150w\" sizes=\"auto, (max-width: 1000px) 100vw, 1000px\" \/><\/a><\/p>\n","protected":false},"excerpt":{"rendered":"<p>Ecco una parte delle foto del matrimonio di Martyna e Artur. In questo post pubblico solamente una parte delle fotografie delle preparazioni in casa degli sposi nel\u00a0giorno delle nozze. Il resto delle foto del matrimonio stesso, della festa in ristorante e dell&#8217;album fotografico. Foto all&#8217;aperto&#8230;<\/p>\n","protected":false},"author":1,"featured_media":1991,"comment_status":"open","ping_status":"open","sticky":false,"template":"","format":"image","meta":{"footnotes":""},"categories":[364,299],"tags":[290,401,368,465,288,636,637,638],"class_list":["post-1994","post","type-post","status-publish","format-image","has-post-thumbnail","hentry","category-matrimoni","category-sessioni-fotografiche","tag-fotografie-matrimonio","tag-fotoreportage","tag-matrimonio","tag-nozze","tag-nuovi-sposi","tag-panna-mloda-it","tag-przygotowania-it","tag-przygotowania-do-slubu-it","post_format-post-format-image"],"yoast_head":"<!-- This site is optimized with the Yoast SEO plugin v27.3 - https:\/\/yoast.com\/product\/yoast-seo-wordpress\/ -->\n<title>Matrimonio di Martyna e Artur - Preparazione in casa il giorno delle nozze | Forografo matrimonio professionale<\/title>\n<meta name=\"description\" content=\"Matrimonio -Foto delle preparazioni degli sposi il giorno delle nozze. Fotografie di matrimonio - fotografo italiano a Varsavia. Fotografie dei nuovi sposi il giorno del matrimonio.\" \/>\n<meta name=\"robots\" content=\"index, follow, max-snippet:-1, max-image-preview:large, max-video-preview:-1\" \/>\n<link rel=\"canonical\" href=\"https:\/\/www.sergiofoto.pl\/it\/matrimonio-di-martyna-e-artur-preparazione-in-casa-il-giorno-delle-nozze\/\" \/>\n<meta property=\"og:locale\" content=\"it_IT\" \/>\n<meta property=\"og:type\" content=\"article\" \/>\n<meta property=\"og:title\" content=\"Matrimonio di Martyna e Artur - Preparazione in casa il giorno delle nozze | Forografo matrimonio professionale\" \/>\n<meta property=\"og:description\" content=\"Matrimonio -Foto delle preparazioni degli sposi il giorno delle nozze. Fotografie di matrimonio - fotografo italiano a Varsavia. Fotografie dei nuovi sposi il giorno del matrimonio.\" \/>\n<meta property=\"og:url\" content=\"https:\/\/www.sergiofoto.pl\/it\/matrimonio-di-martyna-e-artur-preparazione-in-casa-il-giorno-delle-nozze\/\" \/>\n<meta property=\"og:site_name\" content=\"Sergio&#039;s Photography - Fotografo Matrimoni | Professionista\" \/>\n<meta property=\"article:publisher\" content=\"https:\/\/www.facebook.com\/sergiofotopl\" \/>\n<meta property=\"article:author\" content=\"https:\/\/www.facebook.com\/sergioloporto\" \/>\n<meta property=\"article:published_time\" content=\"2014-12-20T21:28:07+00:00\" \/>\n<meta property=\"article:modified_time\" content=\"2015-01-29T18:56:51+00:00\" \/>\n<meta property=\"og:image\" content=\"https:\/\/www.sergiofoto.pl\/wp-content\/uploads\/2014\/12\/slub-martyna-artur-social-sergio-19.jpg\" \/>\n\t<meta property=\"og:image:width\" content=\"1000\" \/>\n\t<meta property=\"og:image:height\" content=\"667\" \/>\n\t<meta property=\"og:image:type\" content=\"image\/jpeg\" \/>\n<meta name=\"author\" content=\"sergiofoto\" \/>\n<meta name=\"twitter:label1\" content=\"Written by\" \/>\n\t<meta name=\"twitter:data1\" content=\"sergiofoto\" \/>\n<script type=\"application\/ld+json\" class=\"yoast-schema-graph\">{\"@context\":\"https:\\\/\\\/schema.org\",\"@graph\":[{\"@type\":\"Article\",\"@id\":\"https:\\\/\\\/www.sergiofoto.pl\\\/it\\\/matrimonio-di-martyna-e-artur-preparazione-in-casa-il-giorno-delle-nozze\\\/#article\",\"isPartOf\":{\"@id\":\"https:\\\/\\\/www.sergiofoto.pl\\\/it\\\/matrimonio-di-martyna-e-artur-preparazione-in-casa-il-giorno-delle-nozze\\\/\"},\"author\":{\"name\":\"sergiofoto\",\"@id\":\"http:\\\/\\\/www.sergiofoto.pl\\\/#\\\/schema\\\/person\\\/dd2e45d98226b166e790b64fbb9709fe\"},\"headline\":\"Matrimonio di Martyna e Artur &#8211; Preparazione in casa il giorno delle nozze\",\"datePublished\":\"2014-12-20T21:28:07+00:00\",\"dateModified\":\"2015-01-29T18:56:51+00:00\",\"mainEntityOfPage\":{\"@id\":\"https:\\\/\\\/www.sergiofoto.pl\\\/it\\\/matrimonio-di-martyna-e-artur-preparazione-in-casa-il-giorno-delle-nozze\\\/\"},\"wordCount\":89,\"commentCount\":0,\"image\":{\"@id\":\"https:\\\/\\\/www.sergiofoto.pl\\\/it\\\/matrimonio-di-martyna-e-artur-preparazione-in-casa-il-giorno-delle-nozze\\\/#primaryimage\"},\"thumbnailUrl\":\"https:\\\/\\\/www.sergiofoto.pl\\\/wp-content\\\/uploads\\\/2014\\\/12\\\/slub-martyna-artur-social-sergio-19.jpg\",\"keywords\":[\"fotografie matrimonio\",\"fotoreportage\",\"matrimonio\",\"nozze\",\"nuovi sposi\",\"panna m\u0142oda\",\"przygotowania\",\"przygotowania do \u015blubu\"],\"articleSection\":[\"Matrimoni\",\"Sessioni fotografiche\"],\"inLanguage\":\"it\",\"potentialAction\":[{\"@type\":\"CommentAction\",\"name\":\"Comment\",\"target\":[\"https:\\\/\\\/www.sergiofoto.pl\\\/it\\\/matrimonio-di-martyna-e-artur-preparazione-in-casa-il-giorno-delle-nozze\\\/#respond\"]}]},{\"@type\":\"WebPage\",\"@id\":\"https:\\\/\\\/www.sergiofoto.pl\\\/it\\\/matrimonio-di-martyna-e-artur-preparazione-in-casa-il-giorno-delle-nozze\\\/\",\"url\":\"https:\\\/\\\/www.sergiofoto.pl\\\/it\\\/matrimonio-di-martyna-e-artur-preparazione-in-casa-il-giorno-delle-nozze\\\/\",\"name\":\"Matrimonio di Martyna e Artur - Preparazione in casa il giorno delle nozze | Forografo matrimonio professionale\",\"isPartOf\":{\"@id\":\"http:\\\/\\\/www.sergiofoto.pl\\\/#website\"},\"primaryImageOfPage\":{\"@id\":\"https:\\\/\\\/www.sergiofoto.pl\\\/it\\\/matrimonio-di-martyna-e-artur-preparazione-in-casa-il-giorno-delle-nozze\\\/#primaryimage\"},\"image\":{\"@id\":\"https:\\\/\\\/www.sergiofoto.pl\\\/it\\\/matrimonio-di-martyna-e-artur-preparazione-in-casa-il-giorno-delle-nozze\\\/#primaryimage\"},\"thumbnailUrl\":\"https:\\\/\\\/www.sergiofoto.pl\\\/wp-content\\\/uploads\\\/2014\\\/12\\\/slub-martyna-artur-social-sergio-19.jpg\",\"datePublished\":\"2014-12-20T21:28:07+00:00\",\"dateModified\":\"2015-01-29T18:56:51+00:00\",\"author\":{\"@id\":\"http:\\\/\\\/www.sergiofoto.pl\\\/#\\\/schema\\\/person\\\/dd2e45d98226b166e790b64fbb9709fe\"},\"description\":\"Matrimonio -Foto delle preparazioni degli sposi il giorno delle nozze. Fotografie di matrimonio - fotografo italiano a Varsavia. Fotografie dei nuovi sposi il giorno del matrimonio.\",\"breadcrumb\":{\"@id\":\"https:\\\/\\\/www.sergiofoto.pl\\\/it\\\/matrimonio-di-martyna-e-artur-preparazione-in-casa-il-giorno-delle-nozze\\\/#breadcrumb\"},\"inLanguage\":\"it\",\"potentialAction\":[{\"@type\":\"ReadAction\",\"target\":[\"https:\\\/\\\/www.sergiofoto.pl\\\/it\\\/matrimonio-di-martyna-e-artur-preparazione-in-casa-il-giorno-delle-nozze\\\/\"]}]},{\"@type\":\"ImageObject\",\"inLanguage\":\"it\",\"@id\":\"https:\\\/\\\/www.sergiofoto.pl\\\/it\\\/matrimonio-di-martyna-e-artur-preparazione-in-casa-il-giorno-delle-nozze\\\/#primaryimage\",\"url\":\"https:\\\/\\\/www.sergiofoto.pl\\\/wp-content\\\/uploads\\\/2014\\\/12\\\/slub-martyna-artur-social-sergio-19.jpg\",\"contentUrl\":\"https:\\\/\\\/www.sergiofoto.pl\\\/wp-content\\\/uploads\\\/2014\\\/12\\\/slub-martyna-artur-social-sergio-19.jpg\",\"width\":1000,\"height\":667},{\"@type\":\"BreadcrumbList\",\"@id\":\"https:\\\/\\\/www.sergiofoto.pl\\\/it\\\/matrimonio-di-martyna-e-artur-preparazione-in-casa-il-giorno-delle-nozze\\\/#breadcrumb\",\"itemListElement\":[{\"@type\":\"ListItem\",\"position\":1,\"name\":\"Home\",\"item\":\"https:\\\/\\\/www.sergiofoto.pl\\\/it\\\/homepage-sergio-foto\\\/\"},{\"@type\":\"ListItem\",\"position\":2,\"name\":\"Matrimonio di Martyna e Artur &#8211; Preparazione in casa il giorno delle nozze\"}]},{\"@type\":\"WebSite\",\"@id\":\"http:\\\/\\\/www.sergiofoto.pl\\\/#website\",\"url\":\"http:\\\/\\\/www.sergiofoto.pl\\\/\",\"name\":\"Sergio's Photography - Fotografia... po w\u0142osku!\",\"description\":\"Fotografo matrimoni, bambini, modelle, eventi e press. Straordinarie fotografie di trucco, ritratti. Fotografia pubblicitaria. Servizi fotografici in studio e all'aperto\",\"potentialAction\":[{\"@type\":\"SearchAction\",\"target\":{\"@type\":\"EntryPoint\",\"urlTemplate\":\"http:\\\/\\\/www.sergiofoto.pl\\\/?s={search_term_string}\"},\"query-input\":{\"@type\":\"PropertyValueSpecification\",\"valueRequired\":true,\"valueName\":\"search_term_string\"}}],\"inLanguage\":\"it\"},{\"@type\":\"Person\",\"@id\":\"http:\\\/\\\/www.sergiofoto.pl\\\/#\\\/schema\\\/person\\\/dd2e45d98226b166e790b64fbb9709fe\",\"name\":\"sergiofoto\",\"image\":{\"@type\":\"ImageObject\",\"inLanguage\":\"it\",\"@id\":\"https:\\\/\\\/secure.gravatar.com\\\/avatar\\\/9d7705d1891ceb4928b24acbfaccc8cb0160bc173b0d39fc7a9acbc834a15081?s=96&d=mm&r=g\",\"url\":\"https:\\\/\\\/secure.gravatar.com\\\/avatar\\\/9d7705d1891ceb4928b24acbfaccc8cb0160bc173b0d39fc7a9acbc834a15081?s=96&d=mm&r=g\",\"contentUrl\":\"https:\\\/\\\/secure.gravatar.com\\\/avatar\\\/9d7705d1891ceb4928b24acbfaccc8cb0160bc173b0d39fc7a9acbc834a15081?s=96&d=mm&r=g\",\"caption\":\"sergiofoto\"},\"sameAs\":[\"http:\\\/\\\/sergiofoto.pl\",\"https:\\\/\\\/www.facebook.com\\\/sergioloporto\"],\"url\":\"https:\\\/\\\/www.sergiofoto.pl\\\/it\\\/author\\\/sergiofoto\\\/\"}]}<\/script>\n<!-- \/ Yoast SEO plugin. -->","yoast_head_json":{"title":"Matrimonio di Martyna e Artur - Preparazione in casa il giorno delle nozze | Forografo matrimonio professionale","description":"Matrimonio -Foto delle preparazioni degli sposi il giorno delle nozze. Fotografie di matrimonio - fotografo italiano a Varsavia. Fotografie dei nuovi sposi il giorno del matrimonio.","robots":{"index":"index","follow":"follow","max-snippet":"max-snippet:-1","max-image-preview":"max-image-preview:large","max-video-preview":"max-video-preview:-1"},"canonical":"https:\/\/www.sergiofoto.pl\/it\/matrimonio-di-martyna-e-artur-preparazione-in-casa-il-giorno-delle-nozze\/","og_locale":"it_IT","og_type":"article","og_title":"Matrimonio di Martyna e Artur - Preparazione in casa il giorno delle nozze | Forografo matrimonio professionale","og_description":"Matrimonio -Foto delle preparazioni degli sposi il giorno delle nozze. Fotografie di matrimonio - fotografo italiano a Varsavia. Fotografie dei nuovi sposi il giorno del matrimonio.","og_url":"https:\/\/www.sergiofoto.pl\/it\/matrimonio-di-martyna-e-artur-preparazione-in-casa-il-giorno-delle-nozze\/","og_site_name":"Sergio's Photography - Fotografo Matrimoni | Professionista","article_publisher":"https:\/\/www.facebook.com\/sergiofotopl","article_author":"https:\/\/www.facebook.com\/sergioloporto","article_published_time":"2014-12-20T21:28:07+00:00","article_modified_time":"2015-01-29T18:56:51+00:00","og_image":[{"width":1000,"height":667,"url":"https:\/\/www.sergiofoto.pl\/wp-content\/uploads\/2014\/12\/slub-martyna-artur-social-sergio-19.jpg","type":"image\/jpeg"}],"author":"sergiofoto","twitter_misc":{"Written by":"sergiofoto"},"schema":{"@context":"https:\/\/schema.org","@graph":[{"@type":"Article","@id":"https:\/\/www.sergiofoto.pl\/it\/matrimonio-di-martyna-e-artur-preparazione-in-casa-il-giorno-delle-nozze\/#article","isPartOf":{"@id":"https:\/\/www.sergiofoto.pl\/it\/matrimonio-di-martyna-e-artur-preparazione-in-casa-il-giorno-delle-nozze\/"},"author":{"name":"sergiofoto","@id":"http:\/\/www.sergiofoto.pl\/#\/schema\/person\/dd2e45d98226b166e790b64fbb9709fe"},"headline":"Matrimonio di Martyna e Artur &#8211; Preparazione in casa il giorno delle nozze","datePublished":"2014-12-20T21:28:07+00:00","dateModified":"2015-01-29T18:56:51+00:00","mainEntityOfPage":{"@id":"https:\/\/www.sergiofoto.pl\/it\/matrimonio-di-martyna-e-artur-preparazione-in-casa-il-giorno-delle-nozze\/"},"wordCount":89,"commentCount":0,"image":{"@id":"https:\/\/www.sergiofoto.pl\/it\/matrimonio-di-martyna-e-artur-preparazione-in-casa-il-giorno-delle-nozze\/#primaryimage"},"thumbnailUrl":"https:\/\/www.sergiofoto.pl\/wp-content\/uploads\/2014\/12\/slub-martyna-artur-social-sergio-19.jpg","keywords":["fotografie matrimonio","fotoreportage","matrimonio","nozze","nuovi sposi","panna m\u0142oda","przygotowania","przygotowania do \u015blubu"],"articleSection":["Matrimoni","Sessioni fotografiche"],"inLanguage":"it","potentialAction":[{"@type":"CommentAction","name":"Comment","target":["https:\/\/www.sergiofoto.pl\/it\/matrimonio-di-martyna-e-artur-preparazione-in-casa-il-giorno-delle-nozze\/#respond"]}]},{"@type":"WebPage","@id":"https:\/\/www.sergiofoto.pl\/it\/matrimonio-di-martyna-e-artur-preparazione-in-casa-il-giorno-delle-nozze\/","url":"https:\/\/www.sergiofoto.pl\/it\/matrimonio-di-martyna-e-artur-preparazione-in-casa-il-giorno-delle-nozze\/","name":"Matrimonio di Martyna e Artur - Preparazione in casa il giorno delle nozze | Forografo matrimonio professionale","isPartOf":{"@id":"http:\/\/www.sergiofoto.pl\/#website"},"primaryImageOfPage":{"@id":"https:\/\/www.sergiofoto.pl\/it\/matrimonio-di-martyna-e-artur-preparazione-in-casa-il-giorno-delle-nozze\/#primaryimage"},"image":{"@id":"https:\/\/www.sergiofoto.pl\/it\/matrimonio-di-martyna-e-artur-preparazione-in-casa-il-giorno-delle-nozze\/#primaryimage"},"thumbnailUrl":"https:\/\/www.sergiofoto.pl\/wp-content\/uploads\/2014\/12\/slub-martyna-artur-social-sergio-19.jpg","datePublished":"2014-12-20T21:28:07+00:00","dateModified":"2015-01-29T18:56:51+00:00","author":{"@id":"http:\/\/www.sergiofoto.pl\/#\/schema\/person\/dd2e45d98226b166e790b64fbb9709fe"},"description":"Matrimonio -Foto delle preparazioni degli sposi il giorno delle nozze. Fotografie di matrimonio - fotografo italiano a Varsavia. Fotografie dei nuovi sposi il giorno del matrimonio.","breadcrumb":{"@id":"https:\/\/www.sergiofoto.pl\/it\/matrimonio-di-martyna-e-artur-preparazione-in-casa-il-giorno-delle-nozze\/#breadcrumb"},"inLanguage":"it","potentialAction":[{"@type":"ReadAction","target":["https:\/\/www.sergiofoto.pl\/it\/matrimonio-di-martyna-e-artur-preparazione-in-casa-il-giorno-delle-nozze\/"]}]},{"@type":"ImageObject","inLanguage":"it","@id":"https:\/\/www.sergiofoto.pl\/it\/matrimonio-di-martyna-e-artur-preparazione-in-casa-il-giorno-delle-nozze\/#primaryimage","url":"https:\/\/www.sergiofoto.pl\/wp-content\/uploads\/2014\/12\/slub-martyna-artur-social-sergio-19.jpg","contentUrl":"https:\/\/www.sergiofoto.pl\/wp-content\/uploads\/2014\/12\/slub-martyna-artur-social-sergio-19.jpg","width":1000,"height":667},{"@type":"BreadcrumbList","@id":"https:\/\/www.sergiofoto.pl\/it\/matrimonio-di-martyna-e-artur-preparazione-in-casa-il-giorno-delle-nozze\/#breadcrumb","itemListElement":[{"@type":"ListItem","position":1,"name":"Home","item":"https:\/\/www.sergiofoto.pl\/it\/homepage-sergio-foto\/"},{"@type":"ListItem","position":2,"name":"Matrimonio di Martyna e Artur &#8211; Preparazione in casa il giorno delle nozze"}]},{"@type":"WebSite","@id":"http:\/\/www.sergiofoto.pl\/#website","url":"http:\/\/www.sergiofoto.pl\/","name":"Sergio's Photography - Fotografia... po w\u0142osku!","description":"Fotografo matrimoni, bambini, modelle, eventi e press. Straordinarie fotografie di trucco, ritratti. Fotografia pubblicitaria. Servizi fotografici in studio e all'aperto","potentialAction":[{"@type":"SearchAction","target":{"@type":"EntryPoint","urlTemplate":"http:\/\/www.sergiofoto.pl\/?s={search_term_string}"},"query-input":{"@type":"PropertyValueSpecification","valueRequired":true,"valueName":"search_term_string"}}],"inLanguage":"it"},{"@type":"Person","@id":"http:\/\/www.sergiofoto.pl\/#\/schema\/person\/dd2e45d98226b166e790b64fbb9709fe","name":"sergiofoto","image":{"@type":"ImageObject","inLanguage":"it","@id":"https:\/\/secure.gravatar.com\/avatar\/9d7705d1891ceb4928b24acbfaccc8cb0160bc173b0d39fc7a9acbc834a15081?s=96&d=mm&r=g","url":"https:\/\/secure.gravatar.com\/avatar\/9d7705d1891ceb4928b24acbfaccc8cb0160bc173b0d39fc7a9acbc834a15081?s=96&d=mm&r=g","contentUrl":"https:\/\/secure.gravatar.com\/avatar\/9d7705d1891ceb4928b24acbfaccc8cb0160bc173b0d39fc7a9acbc834a15081?s=96&d=mm&r=g","caption":"sergiofoto"},"sameAs":["http:\/\/sergiofoto.pl","https:\/\/www.facebook.com\/sergioloporto"],"url":"https:\/\/www.sergiofoto.pl\/it\/author\/sergiofoto\/"}]}},"_links":{"self":[{"href":"https:\/\/www.sergiofoto.pl\/it\/wp-json\/wp\/v2\/posts\/1994\/"}],"collection":[{"href":"https:\/\/www.sergiofoto.pl\/it\/wp-json\/wp\/v2\/posts\/"}],"about":[{"href":"https:\/\/www.sergiofoto.pl\/it\/wp-json\/wp\/v2\/types\/post\/"}],"author":[{"embeddable":true,"href":"https:\/\/www.sergiofoto.pl\/it\/wp-json\/wp\/v2\/users\/1\/"}],"replies":[{"embeddable":true,"href":"https:\/\/www.sergiofoto.pl\/it\/wp-json\/wp\/v2\/comments\/?post=1994"}],"version-history":[{"count":5,"href":"https:\/\/www.sergiofoto.pl\/it\/wp-json\/wp\/v2\/posts\/1994\/revisions\/"}],"predecessor-version":[{"id":2125,"href":"https:\/\/www.sergiofoto.pl\/it\/wp-json\/wp\/v2\/posts\/1994\/revisions\/2125\/"}],"wp:featuredmedia":[{"embeddable":true,"href":"https:\/\/www.sergiofoto.pl\/it\/wp-json\/wp\/v2\/media\/1991\/"}],"wp:attachment":[{"href":"https:\/\/www.sergiofoto.pl\/it\/wp-json\/wp\/v2\/media\/?parent=1994"}],"wp:term":[{"taxonomy":"category","embeddable":true,"href":"https:\/\/www.sergiofoto.pl\/it\/wp-json\/wp\/v2\/categories\/?post=1994"},{"taxonomy":"post_tag","embeddable":true,"href":"https:\/\/www.sergiofoto.pl\/it\/wp-json\/wp\/v2\/tags\/?post=1994"}],"curies":[{"name":"wp","href":"https:\/\/api.w.org\/{rel}","templated":true}]}}