{"id":1920,"date":"2014-11-12T11:54:05","date_gmt":"2014-11-12T10:54:05","guid":{"rendered":"http:\/\/sergiofoto.pl\/slub-weroniki-slawka-fotograf-usc-wesele-2\/"},"modified":"2014-11-12T13:56:46","modified_gmt":"2014-11-12T12:56:46","slug":"matrimonio-weronika-slawek-fotografie-matrimonio-comune","status":"publish","type":"post","link":"https:\/\/www.sergiofoto.pl\/it\/matrimonio-weronika-slawek-fotografie-matrimonio-comune\/","title":{"rendered":"Matrimonio di Weronika e S\u0142awek &#8211; Fotografie matrimonio e comune"},"content":{"rendered":"<p>Fotografie di una delle pi\u00f9 caratteristiche coppie di giovani sposi. Weronika e S\u0142awek\u00a0hanno organizzato un bel matrimonio in stile greco.<\/p>\n<p>Siamo lieti di essere riusciti a\u00a0catturare dei momenti unici della coppia in questo giorno speciale.<br \/>\nLe foto di cui sotto \u00e8 sola una piccolissima parte delle fotografie scattate in comune e al ristorante. Sia il matrimonio che la festa in serata hanno avuto luogo a Varsavia.<\/p>\n<p>&nbsp;<\/p>\n<p>&nbsp;<\/p>\n<p><a href=\"http:\/\/www.sergiofoto.pl\/wp-content\/uploads\/2014\/11\/slub-weronika-i-slawek-2014-12.jpg\"><img loading=\"lazy\" decoding=\"async\" class=\"aligncenter size-full wp-image-1849\" src=\"http:\/\/www.sergiofoto.pl\/wp-content\/uploads\/2014\/11\/slub-weronika-i-slawek-2014-12.jpg\" alt=\"slub-weronika-i-slawek-2014-12\" width=\"1000\" height=\"667\" srcset=\"https:\/\/www.sergiofoto.pl\/wp-content\/uploads\/2014\/11\/slub-weronika-i-slawek-2014-12.jpg 1000w, https:\/\/www.sergiofoto.pl\/wp-content\/uploads\/2014\/11\/slub-weronika-i-slawek-2014-12-300x200.jpg 300w, https:\/\/www.sergiofoto.pl\/wp-content\/uploads\/2014\/11\/slub-weronika-i-slawek-2014-12-150x100.jpg 150w\" sizes=\"auto, (max-width: 1000px) 100vw, 1000px\" \/><\/a><a href=\"http:\/\/www.sergiofoto.pl\/wp-content\/uploads\/2014\/11\/slub-wero-slawek-1.jpg\"><img loading=\"lazy\" decoding=\"async\" class=\"aligncenter size-full wp-image-1851\" src=\"http:\/\/www.sergiofoto.pl\/wp-content\/uploads\/2014\/11\/slub-wero-slawek-1.jpg\" alt=\"slub-wero-slawek-1\" width=\"1000\" height=\"667\" srcset=\"https:\/\/www.sergiofoto.pl\/wp-content\/uploads\/2014\/11\/slub-wero-slawek-1.jpg 1000w, https:\/\/www.sergiofoto.pl\/wp-content\/uploads\/2014\/11\/slub-wero-slawek-1-300x200.jpg 300w, https:\/\/www.sergiofoto.pl\/wp-content\/uploads\/2014\/11\/slub-wero-slawek-1-150x100.jpg 150w\" sizes=\"auto, (max-width: 1000px) 100vw, 1000px\" \/><\/a><a href=\"http:\/\/www.sergiofoto.pl\/wp-content\/uploads\/2014\/11\/slub-weronika-i-slawek-2014-79.jpg\"><img loading=\"lazy\" decoding=\"async\" class=\"aligncenter size-full wp-image-1853\" src=\"http:\/\/www.sergiofoto.pl\/wp-content\/uploads\/2014\/11\/slub-weronika-i-slawek-2014-79.jpg\" alt=\"slub-weronika-i-slawek-2014-79\" width=\"1000\" height=\"667\" srcset=\"https:\/\/www.sergiofoto.pl\/wp-content\/uploads\/2014\/11\/slub-weronika-i-slawek-2014-79.jpg 1000w, https:\/\/www.sergiofoto.pl\/wp-content\/uploads\/2014\/11\/slub-weronika-i-slawek-2014-79-300x200.jpg 300w, https:\/\/www.sergiofoto.pl\/wp-content\/uploads\/2014\/11\/slub-weronika-i-slawek-2014-79-150x100.jpg 150w\" sizes=\"auto, (max-width: 1000px) 100vw, 1000px\" \/><\/a> <a href=\"http:\/\/www.sergiofoto.pl\/wp-content\/uploads\/2014\/11\/slub-weronika-i-slawek-2014-84.jpg\"><img loading=\"lazy\" decoding=\"async\" class=\"aligncenter size-full wp-image-1855\" src=\"http:\/\/www.sergiofoto.pl\/wp-content\/uploads\/2014\/11\/slub-weronika-i-slawek-2014-84.jpg\" alt=\"slub-weronika-i-slawek-2014-84\" width=\"1000\" height=\"667\" srcset=\"https:\/\/www.sergiofoto.pl\/wp-content\/uploads\/2014\/11\/slub-weronika-i-slawek-2014-84.jpg 1000w, https:\/\/www.sergiofoto.pl\/wp-content\/uploads\/2014\/11\/slub-weronika-i-slawek-2014-84-300x200.jpg 300w, https:\/\/www.sergiofoto.pl\/wp-content\/uploads\/2014\/11\/slub-weronika-i-slawek-2014-84-150x100.jpg 150w\" sizes=\"auto, (max-width: 1000px) 100vw, 1000px\" \/><\/a><a href=\"http:\/\/www.sergiofoto.pl\/wp-content\/uploads\/2014\/11\/slub-wero-slawek-2.jpg\"><img loading=\"lazy\" decoding=\"async\" class=\"aligncenter size-full wp-image-1857\" src=\"http:\/\/www.sergiofoto.pl\/wp-content\/uploads\/2014\/11\/slub-wero-slawek-2.jpg\" alt=\"slub-wero-slawek-2\" width=\"1000\" height=\"667\" srcset=\"https:\/\/www.sergiofoto.pl\/wp-content\/uploads\/2014\/11\/slub-wero-slawek-2.jpg 1000w, https:\/\/www.sergiofoto.pl\/wp-content\/uploads\/2014\/11\/slub-wero-slawek-2-300x200.jpg 300w, https:\/\/www.sergiofoto.pl\/wp-content\/uploads\/2014\/11\/slub-wero-slawek-2-150x100.jpg 150w\" sizes=\"auto, (max-width: 1000px) 100vw, 1000px\" \/><\/a><a href=\"http:\/\/www.sergiofoto.pl\/wp-content\/uploads\/2014\/11\/slub-weronika-i-slawek-2014-104.jpg\"><img loading=\"lazy\" decoding=\"async\" class=\"aligncenter size-full wp-image-1861\" src=\"http:\/\/www.sergiofoto.pl\/wp-content\/uploads\/2014\/11\/slub-weronika-i-slawek-2014-104.jpg\" alt=\"slub-weronika-i-slawek-2014-104\" width=\"1000\" height=\"667\" srcset=\"https:\/\/www.sergiofoto.pl\/wp-content\/uploads\/2014\/11\/slub-weronika-i-slawek-2014-104.jpg 1000w, https:\/\/www.sergiofoto.pl\/wp-content\/uploads\/2014\/11\/slub-weronika-i-slawek-2014-104-300x200.jpg 300w, https:\/\/www.sergiofoto.pl\/wp-content\/uploads\/2014\/11\/slub-weronika-i-slawek-2014-104-150x100.jpg 150w\" sizes=\"auto, (max-width: 1000px) 100vw, 1000px\" \/><\/a><a href=\"http:\/\/www.sergiofoto.pl\/wp-content\/uploads\/2014\/11\/slub-weronika-i-slawek-2014-133.jpg\"><img loading=\"lazy\" decoding=\"async\" class=\"aligncenter size-full wp-image-1863\" src=\"http:\/\/www.sergiofoto.pl\/wp-content\/uploads\/2014\/11\/slub-weronika-i-slawek-2014-133.jpg\" alt=\"slub-weronika-i-slawek-2014-133\" width=\"1000\" height=\"667\" srcset=\"https:\/\/www.sergiofoto.pl\/wp-content\/uploads\/2014\/11\/slub-weronika-i-slawek-2014-133.jpg 1000w, https:\/\/www.sergiofoto.pl\/wp-content\/uploads\/2014\/11\/slub-weronika-i-slawek-2014-133-300x200.jpg 300w, https:\/\/www.sergiofoto.pl\/wp-content\/uploads\/2014\/11\/slub-weronika-i-slawek-2014-133-150x100.jpg 150w\" sizes=\"auto, (max-width: 1000px) 100vw, 1000px\" \/><\/a><a href=\"http:\/\/www.sergiofoto.pl\/wp-content\/uploads\/2014\/11\/slub-weronika-i-slawek-2014-170.jpg\"><img loading=\"lazy\" decoding=\"async\" class=\"aligncenter size-full wp-image-1865\" src=\"http:\/\/www.sergiofoto.pl\/wp-content\/uploads\/2014\/11\/slub-weronika-i-slawek-2014-170.jpg\" alt=\"slub-weronika-i-slawek-2014-170\" width=\"1000\" height=\"667\" srcset=\"https:\/\/www.sergiofoto.pl\/wp-content\/uploads\/2014\/11\/slub-weronika-i-slawek-2014-170.jpg 1000w, https:\/\/www.sergiofoto.pl\/wp-content\/uploads\/2014\/11\/slub-weronika-i-slawek-2014-170-300x200.jpg 300w, https:\/\/www.sergiofoto.pl\/wp-content\/uploads\/2014\/11\/slub-weronika-i-slawek-2014-170-150x100.jpg 150w\" sizes=\"auto, (max-width: 1000px) 100vw, 1000px\" \/><\/a><a href=\"http:\/\/www.sergiofoto.pl\/wp-content\/uploads\/2014\/11\/slub-wero-slawek-3.jpg\"><img loading=\"lazy\" decoding=\"async\" class=\"aligncenter size-full wp-image-1867\" src=\"http:\/\/www.sergiofoto.pl\/wp-content\/uploads\/2014\/11\/slub-wero-slawek-3.jpg\" alt=\"slub-wero-slawek-3\" width=\"1000\" height=\"667\" srcset=\"https:\/\/www.sergiofoto.pl\/wp-content\/uploads\/2014\/11\/slub-wero-slawek-3.jpg 1000w, https:\/\/www.sergiofoto.pl\/wp-content\/uploads\/2014\/11\/slub-wero-slawek-3-300x200.jpg 300w, https:\/\/www.sergiofoto.pl\/wp-content\/uploads\/2014\/11\/slub-wero-slawek-3-150x100.jpg 150w\" sizes=\"auto, (max-width: 1000px) 100vw, 1000px\" \/><\/a><a href=\"http:\/\/www.sergiofoto.pl\/wp-content\/uploads\/2014\/11\/slub-weronika-i-slawek-2014-180.jpg\"><img loading=\"lazy\" decoding=\"async\" class=\"aligncenter size-full wp-image-1869\" src=\"http:\/\/www.sergiofoto.pl\/wp-content\/uploads\/2014\/11\/slub-weronika-i-slawek-2014-180.jpg\" alt=\"slub-weronika-i-slawek-2014-180\" width=\"1000\" height=\"667\" srcset=\"https:\/\/www.sergiofoto.pl\/wp-content\/uploads\/2014\/11\/slub-weronika-i-slawek-2014-180.jpg 1000w, https:\/\/www.sergiofoto.pl\/wp-content\/uploads\/2014\/11\/slub-weronika-i-slawek-2014-180-300x200.jpg 300w, https:\/\/www.sergiofoto.pl\/wp-content\/uploads\/2014\/11\/slub-weronika-i-slawek-2014-180-150x100.jpg 150w\" sizes=\"auto, (max-width: 1000px) 100vw, 1000px\" \/><\/a><a href=\"http:\/\/www.sergiofoto.pl\/wp-content\/uploads\/2014\/11\/slub-wero-slawek-4.jpg\"><img loading=\"lazy\" decoding=\"async\" class=\"aligncenter size-full wp-image-1871\" src=\"http:\/\/www.sergiofoto.pl\/wp-content\/uploads\/2014\/11\/slub-wero-slawek-4.jpg\" alt=\"slub-wero-slawek-4\" width=\"1000\" height=\"667\" srcset=\"https:\/\/www.sergiofoto.pl\/wp-content\/uploads\/2014\/11\/slub-wero-slawek-4.jpg 1000w, https:\/\/www.sergiofoto.pl\/wp-content\/uploads\/2014\/11\/slub-wero-slawek-4-300x200.jpg 300w, https:\/\/www.sergiofoto.pl\/wp-content\/uploads\/2014\/11\/slub-wero-slawek-4-150x100.jpg 150w\" sizes=\"auto, (max-width: 1000px) 100vw, 1000px\" \/><\/a><a href=\"http:\/\/www.sergiofoto.pl\/wp-content\/uploads\/2014\/11\/slub-weronika-i-slawek-2014-255.jpg\"><img loading=\"lazy\" decoding=\"async\" class=\"aligncenter size-full wp-image-1873\" src=\"http:\/\/www.sergiofoto.pl\/wp-content\/uploads\/2014\/11\/slub-weronika-i-slawek-2014-255.jpg\" alt=\"slub-weronika-i-slawek-2014-255\" width=\"999\" height=\"337\" srcset=\"https:\/\/www.sergiofoto.pl\/wp-content\/uploads\/2014\/11\/slub-weronika-i-slawek-2014-255.jpg 999w, https:\/\/www.sergiofoto.pl\/wp-content\/uploads\/2014\/11\/slub-weronika-i-slawek-2014-255-300x101.jpg 300w, https:\/\/www.sergiofoto.pl\/wp-content\/uploads\/2014\/11\/slub-weronika-i-slawek-2014-255-150x50.jpg 150w\" sizes=\"auto, (max-width: 999px) 100vw, 999px\" \/><\/a><a href=\"http:\/\/www.sergiofoto.pl\/wp-content\/uploads\/2014\/11\/slub-weronika-i-slawek-2014-241.jpg\"><img loading=\"lazy\" decoding=\"async\" class=\"aligncenter size-full wp-image-1875\" src=\"http:\/\/www.sergiofoto.pl\/wp-content\/uploads\/2014\/11\/slub-weronika-i-slawek-2014-241.jpg\" alt=\"slub-weronika-i-slawek-2014-241\" width=\"1000\" height=\"667\" srcset=\"https:\/\/www.sergiofoto.pl\/wp-content\/uploads\/2014\/11\/slub-weronika-i-slawek-2014-241.jpg 1000w, https:\/\/www.sergiofoto.pl\/wp-content\/uploads\/2014\/11\/slub-weronika-i-slawek-2014-241-300x200.jpg 300w, https:\/\/www.sergiofoto.pl\/wp-content\/uploads\/2014\/11\/slub-weronika-i-slawek-2014-241-150x100.jpg 150w\" sizes=\"auto, (max-width: 1000px) 100vw, 1000px\" \/><\/a><a href=\"http:\/\/www.sergiofoto.pl\/wp-content\/uploads\/2014\/11\/slub-weronika-i-slawek-2014-266.jpg\"><img loading=\"lazy\" decoding=\"async\" class=\"aligncenter size-full wp-image-1877\" src=\"http:\/\/www.sergiofoto.pl\/wp-content\/uploads\/2014\/11\/slub-weronika-i-slawek-2014-266.jpg\" alt=\"slub-weronika-i-slawek-2014-266\" width=\"1000\" height=\"667\" srcset=\"https:\/\/www.sergiofoto.pl\/wp-content\/uploads\/2014\/11\/slub-weronika-i-slawek-2014-266.jpg 1000w, https:\/\/www.sergiofoto.pl\/wp-content\/uploads\/2014\/11\/slub-weronika-i-slawek-2014-266-300x200.jpg 300w, https:\/\/www.sergiofoto.pl\/wp-content\/uploads\/2014\/11\/slub-weronika-i-slawek-2014-266-150x100.jpg 150w\" sizes=\"auto, (max-width: 1000px) 100vw, 1000px\" \/><\/a><a href=\"http:\/\/www.sergiofoto.pl\/wp-content\/uploads\/2014\/11\/slub-weronika-i-slawek-2014-261.jpg\"><img loading=\"lazy\" decoding=\"async\" class=\"aligncenter size-full wp-image-1879\" src=\"http:\/\/www.sergiofoto.pl\/wp-content\/uploads\/2014\/11\/slub-weronika-i-slawek-2014-261.jpg\" alt=\"slub-weronika-i-slawek-2014-261\" width=\"1000\" height=\"667\" srcset=\"https:\/\/www.sergiofoto.pl\/wp-content\/uploads\/2014\/11\/slub-weronika-i-slawek-2014-261.jpg 1000w, https:\/\/www.sergiofoto.pl\/wp-content\/uploads\/2014\/11\/slub-weronika-i-slawek-2014-261-300x200.jpg 300w, https:\/\/www.sergiofoto.pl\/wp-content\/uploads\/2014\/11\/slub-weronika-i-slawek-2014-261-150x100.jpg 150w\" sizes=\"auto, (max-width: 1000px) 100vw, 1000px\" \/><\/a><a href=\"http:\/\/www.sergiofoto.pl\/wp-content\/uploads\/2014\/11\/slub-wero-slawek-5.jpg\"><img loading=\"lazy\" decoding=\"async\" class=\"aligncenter size-full wp-image-1881\" src=\"http:\/\/www.sergiofoto.pl\/wp-content\/uploads\/2014\/11\/slub-wero-slawek-5.jpg\" alt=\"slub-wero-slawek-5\" width=\"1000\" height=\"854\" srcset=\"https:\/\/www.sergiofoto.pl\/wp-content\/uploads\/2014\/11\/slub-wero-slawek-5.jpg 1000w, https:\/\/www.sergiofoto.pl\/wp-content\/uploads\/2014\/11\/slub-wero-slawek-5-300x256.jpg 300w, https:\/\/www.sergiofoto.pl\/wp-content\/uploads\/2014\/11\/slub-wero-slawek-5-150x128.jpg 150w\" sizes=\"auto, (max-width: 1000px) 100vw, 1000px\" \/><\/a><a href=\"http:\/\/www.sergiofoto.pl\/wp-content\/uploads\/2014\/11\/slub-weronika-i-slawek-2014-288.jpg\"><img loading=\"lazy\" decoding=\"async\" class=\"aligncenter size-full wp-image-1883\" src=\"http:\/\/www.sergiofoto.pl\/wp-content\/uploads\/2014\/11\/slub-weronika-i-slawek-2014-288.jpg\" alt=\"slub-weronika-i-slawek-2014-288\" width=\"1000\" height=\"667\" srcset=\"https:\/\/www.sergiofoto.pl\/wp-content\/uploads\/2014\/11\/slub-weronika-i-slawek-2014-288.jpg 1000w, https:\/\/www.sergiofoto.pl\/wp-content\/uploads\/2014\/11\/slub-weronika-i-slawek-2014-288-300x200.jpg 300w, https:\/\/www.sergiofoto.pl\/wp-content\/uploads\/2014\/11\/slub-weronika-i-slawek-2014-288-150x100.jpg 150w\" sizes=\"auto, (max-width: 1000px) 100vw, 1000px\" \/><\/a><a href=\"http:\/\/www.sergiofoto.pl\/wp-content\/uploads\/2014\/11\/slub-weronika-i-slawek-2014-307.jpg\"><img loading=\"lazy\" decoding=\"async\" class=\"aligncenter size-full wp-image-1885\" src=\"http:\/\/www.sergiofoto.pl\/wp-content\/uploads\/2014\/11\/slub-weronika-i-slawek-2014-307.jpg\" alt=\"slub-weronika-i-slawek-2014-307\" width=\"1000\" height=\"667\" srcset=\"https:\/\/www.sergiofoto.pl\/wp-content\/uploads\/2014\/11\/slub-weronika-i-slawek-2014-307.jpg 1000w, https:\/\/www.sergiofoto.pl\/wp-content\/uploads\/2014\/11\/slub-weronika-i-slawek-2014-307-300x200.jpg 300w, https:\/\/www.sergiofoto.pl\/wp-content\/uploads\/2014\/11\/slub-weronika-i-slawek-2014-307-150x100.jpg 150w\" sizes=\"auto, (max-width: 1000px) 100vw, 1000px\" \/><\/a><a href=\"http:\/\/www.sergiofoto.pl\/wp-content\/uploads\/2014\/11\/slub-weronika-i-slawek-2014-309.jpg\"><img loading=\"lazy\" decoding=\"async\" class=\"aligncenter size-full wp-image-1887\" src=\"http:\/\/www.sergiofoto.pl\/wp-content\/uploads\/2014\/11\/slub-weronika-i-slawek-2014-309.jpg\" alt=\"slub-weronika-i-slawek-2014-309\" width=\"1000\" height=\"667\" srcset=\"https:\/\/www.sergiofoto.pl\/wp-content\/uploads\/2014\/11\/slub-weronika-i-slawek-2014-309.jpg 1000w, https:\/\/www.sergiofoto.pl\/wp-content\/uploads\/2014\/11\/slub-weronika-i-slawek-2014-309-300x200.jpg 300w, https:\/\/www.sergiofoto.pl\/wp-content\/uploads\/2014\/11\/slub-weronika-i-slawek-2014-309-150x100.jpg 150w\" sizes=\"auto, (max-width: 1000px) 100vw, 1000px\" \/><\/a><a href=\"http:\/\/www.sergiofoto.pl\/wp-content\/uploads\/2014\/11\/slub-weronika-i-slawek-2014-313.jpg\"><img loading=\"lazy\" decoding=\"async\" class=\"aligncenter size-full wp-image-1889\" src=\"http:\/\/www.sergiofoto.pl\/wp-content\/uploads\/2014\/11\/slub-weronika-i-slawek-2014-313.jpg\" alt=\"slub-weronika-i-slawek-2014-313\" width=\"1000\" height=\"667\" srcset=\"https:\/\/www.sergiofoto.pl\/wp-content\/uploads\/2014\/11\/slub-weronika-i-slawek-2014-313.jpg 1000w, https:\/\/www.sergiofoto.pl\/wp-content\/uploads\/2014\/11\/slub-weronika-i-slawek-2014-313-300x200.jpg 300w, https:\/\/www.sergiofoto.pl\/wp-content\/uploads\/2014\/11\/slub-weronika-i-slawek-2014-313-150x100.jpg 150w\" sizes=\"auto, (max-width: 1000px) 100vw, 1000px\" \/><\/a><a href=\"http:\/\/www.sergiofoto.pl\/wp-content\/uploads\/2014\/11\/slub-weronika-i-slawek-2014-312.jpg\"><img loading=\"lazy\" decoding=\"async\" class=\"aligncenter size-full wp-image-1891\" src=\"http:\/\/www.sergiofoto.pl\/wp-content\/uploads\/2014\/11\/slub-weronika-i-slawek-2014-312.jpg\" alt=\"slub-weronika-i-slawek-2014-312\" width=\"1000\" height=\"667\" srcset=\"https:\/\/www.sergiofoto.pl\/wp-content\/uploads\/2014\/11\/slub-weronika-i-slawek-2014-312.jpg 1000w, https:\/\/www.sergiofoto.pl\/wp-content\/uploads\/2014\/11\/slub-weronika-i-slawek-2014-312-300x200.jpg 300w, https:\/\/www.sergiofoto.pl\/wp-content\/uploads\/2014\/11\/slub-weronika-i-slawek-2014-312-150x100.jpg 150w\" sizes=\"auto, (max-width: 1000px) 100vw, 1000px\" \/><\/a><a href=\"http:\/\/www.sergiofoto.pl\/wp-content\/uploads\/2014\/11\/slub-weronika-i-slawek-2014-331.jpg\"><img loading=\"lazy\" decoding=\"async\" class=\"aligncenter size-full wp-image-1893\" src=\"http:\/\/www.sergiofoto.pl\/wp-content\/uploads\/2014\/11\/slub-weronika-i-slawek-2014-331.jpg\" alt=\"slub-weronika-i-slawek-2014-331\" width=\"1000\" height=\"667\" srcset=\"https:\/\/www.sergiofoto.pl\/wp-content\/uploads\/2014\/11\/slub-weronika-i-slawek-2014-331.jpg 1000w, https:\/\/www.sergiofoto.pl\/wp-content\/uploads\/2014\/11\/slub-weronika-i-slawek-2014-331-300x200.jpg 300w, https:\/\/www.sergiofoto.pl\/wp-content\/uploads\/2014\/11\/slub-weronika-i-slawek-2014-331-150x100.jpg 150w\" sizes=\"auto, (max-width: 1000px) 100vw, 1000px\" \/><\/a><a href=\"http:\/\/www.sergiofoto.pl\/wp-content\/uploads\/2014\/11\/slub-weronika-i-slawek-2014-326.jpg\"><img loading=\"lazy\" decoding=\"async\" class=\"aligncenter size-full wp-image-1895\" src=\"http:\/\/www.sergiofoto.pl\/wp-content\/uploads\/2014\/11\/slub-weronika-i-slawek-2014-326.jpg\" alt=\"slub-weronika-i-slawek-2014-326\" width=\"1000\" height=\"667\" srcset=\"https:\/\/www.sergiofoto.pl\/wp-content\/uploads\/2014\/11\/slub-weronika-i-slawek-2014-326.jpg 1000w, https:\/\/www.sergiofoto.pl\/wp-content\/uploads\/2014\/11\/slub-weronika-i-slawek-2014-326-300x200.jpg 300w, https:\/\/www.sergiofoto.pl\/wp-content\/uploads\/2014\/11\/slub-weronika-i-slawek-2014-326-150x100.jpg 150w\" sizes=\"auto, (max-width: 1000px) 100vw, 1000px\" \/><\/a><a href=\"http:\/\/www.sergiofoto.pl\/wp-content\/uploads\/2014\/11\/slub-weronika-i-slawek-2014-339.jpg\"><img loading=\"lazy\" decoding=\"async\" class=\"aligncenter size-full wp-image-1897\" src=\"http:\/\/www.sergiofoto.pl\/wp-content\/uploads\/2014\/11\/slub-weronika-i-slawek-2014-339.jpg\" alt=\"slub-weronika-i-slawek-2014-339\" width=\"1000\" height=\"667\" srcset=\"https:\/\/www.sergiofoto.pl\/wp-content\/uploads\/2014\/11\/slub-weronika-i-slawek-2014-339.jpg 1000w, https:\/\/www.sergiofoto.pl\/wp-content\/uploads\/2014\/11\/slub-weronika-i-slawek-2014-339-300x200.jpg 300w, https:\/\/www.sergiofoto.pl\/wp-content\/uploads\/2014\/11\/slub-weronika-i-slawek-2014-339-150x100.jpg 150w\" sizes=\"auto, (max-width: 1000px) 100vw, 1000px\" \/><\/a><a href=\"http:\/\/www.sergiofoto.pl\/wp-content\/uploads\/2014\/11\/slub-wero-slawek-6.jpg\"><img loading=\"lazy\" decoding=\"async\" class=\"aligncenter size-full wp-image-1899\" src=\"http:\/\/www.sergiofoto.pl\/wp-content\/uploads\/2014\/11\/slub-wero-slawek-6.jpg\" alt=\"slub-wero-slawek-6\" width=\"1000\" height=\"667\" srcset=\"https:\/\/www.sergiofoto.pl\/wp-content\/uploads\/2014\/11\/slub-wero-slawek-6.jpg 1000w, https:\/\/www.sergiofoto.pl\/wp-content\/uploads\/2014\/11\/slub-wero-slawek-6-300x200.jpg 300w, https:\/\/www.sergiofoto.pl\/wp-content\/uploads\/2014\/11\/slub-wero-slawek-6-150x100.jpg 150w\" sizes=\"auto, (max-width: 1000px) 100vw, 1000px\" \/><\/a><a href=\"http:\/\/www.sergiofoto.pl\/wp-content\/uploads\/2014\/11\/slub-weronika-i-slawek-2014-410.jpg\"><img loading=\"lazy\" decoding=\"async\" class=\"aligncenter size-full wp-image-1901\" src=\"http:\/\/www.sergiofoto.pl\/wp-content\/uploads\/2014\/11\/slub-weronika-i-slawek-2014-410.jpg\" alt=\"slub-weronika-i-slawek-2014-410\" width=\"1000\" height=\"667\" srcset=\"https:\/\/www.sergiofoto.pl\/wp-content\/uploads\/2014\/11\/slub-weronika-i-slawek-2014-410.jpg 1000w, https:\/\/www.sergiofoto.pl\/wp-content\/uploads\/2014\/11\/slub-weronika-i-slawek-2014-410-300x200.jpg 300w, https:\/\/www.sergiofoto.pl\/wp-content\/uploads\/2014\/11\/slub-weronika-i-slawek-2014-410-150x100.jpg 150w\" sizes=\"auto, (max-width: 1000px) 100vw, 1000px\" \/><\/a><a href=\"http:\/\/www.sergiofoto.pl\/wp-content\/uploads\/2014\/11\/slub-wero-slawek-7.jpg\"><img loading=\"lazy\" decoding=\"async\" class=\"aligncenter size-full wp-image-1903\" src=\"http:\/\/www.sergiofoto.pl\/wp-content\/uploads\/2014\/11\/slub-wero-slawek-7.jpg\" alt=\"slub-wero-slawek-7\" width=\"1000\" height=\"667\" srcset=\"https:\/\/www.sergiofoto.pl\/wp-content\/uploads\/2014\/11\/slub-wero-slawek-7.jpg 1000w, https:\/\/www.sergiofoto.pl\/wp-content\/uploads\/2014\/11\/slub-wero-slawek-7-300x200.jpg 300w, https:\/\/www.sergiofoto.pl\/wp-content\/uploads\/2014\/11\/slub-wero-slawek-7-150x100.jpg 150w\" sizes=\"auto, (max-width: 1000px) 100vw, 1000px\" \/><\/a><a href=\"http:\/\/www.sergiofoto.pl\/wp-content\/uploads\/2014\/11\/slub-weronika-i-slawek-2014-490.jpg\"><img loading=\"lazy\" decoding=\"async\" class=\"aligncenter size-full wp-image-1905\" src=\"http:\/\/www.sergiofoto.pl\/wp-content\/uploads\/2014\/11\/slub-weronika-i-slawek-2014-490.jpg\" alt=\"slub-weronika-i-slawek-2014-490\" width=\"1000\" height=\"667\" srcset=\"https:\/\/www.sergiofoto.pl\/wp-content\/uploads\/2014\/11\/slub-weronika-i-slawek-2014-490.jpg 1000w, https:\/\/www.sergiofoto.pl\/wp-content\/uploads\/2014\/11\/slub-weronika-i-slawek-2014-490-300x200.jpg 300w, https:\/\/www.sergiofoto.pl\/wp-content\/uploads\/2014\/11\/slub-weronika-i-slawek-2014-490-150x100.jpg 150w\" sizes=\"auto, (max-width: 1000px) 100vw, 1000px\" \/><\/a><a href=\"http:\/\/www.sergiofoto.pl\/wp-content\/uploads\/2014\/11\/slub-weronika-i-slawek-2014-553.jpg\"><img loading=\"lazy\" decoding=\"async\" class=\"aligncenter size-full wp-image-1907\" src=\"http:\/\/www.sergiofoto.pl\/wp-content\/uploads\/2014\/11\/slub-weronika-i-slawek-2014-553.jpg\" alt=\"slub-weronika-i-slawek-2014-553\" width=\"999\" height=\"479\" srcset=\"https:\/\/www.sergiofoto.pl\/wp-content\/uploads\/2014\/11\/slub-weronika-i-slawek-2014-553.jpg 999w, https:\/\/www.sergiofoto.pl\/wp-content\/uploads\/2014\/11\/slub-weronika-i-slawek-2014-553-300x143.jpg 300w, https:\/\/www.sergiofoto.pl\/wp-content\/uploads\/2014\/11\/slub-weronika-i-slawek-2014-553-150x71.jpg 150w\" sizes=\"auto, (max-width: 999px) 100vw, 999px\" \/><\/a><a href=\"http:\/\/www.sergiofoto.pl\/wp-content\/uploads\/2014\/11\/slub-weronika-i-slawek-2014-565.jpg\"><img loading=\"lazy\" decoding=\"async\" class=\"aligncenter size-full wp-image-1909\" src=\"http:\/\/www.sergiofoto.pl\/wp-content\/uploads\/2014\/11\/slub-weronika-i-slawek-2014-565.jpg\" alt=\"slub-weronika-i-slawek-2014-565\" width=\"1000\" height=\"667\" srcset=\"https:\/\/www.sergiofoto.pl\/wp-content\/uploads\/2014\/11\/slub-weronika-i-slawek-2014-565.jpg 1000w, https:\/\/www.sergiofoto.pl\/wp-content\/uploads\/2014\/11\/slub-weronika-i-slawek-2014-565-300x200.jpg 300w, https:\/\/www.sergiofoto.pl\/wp-content\/uploads\/2014\/11\/slub-weronika-i-slawek-2014-565-150x100.jpg 150w\" sizes=\"auto, (max-width: 1000px) 100vw, 1000px\" \/><\/a><a href=\"http:\/\/www.sergiofoto.pl\/wp-content\/uploads\/2014\/11\/slub-wero-slawek-8.jpg\"><img loading=\"lazy\" decoding=\"async\" class=\"aligncenter size-full wp-image-1911\" src=\"http:\/\/www.sergiofoto.pl\/wp-content\/uploads\/2014\/11\/slub-wero-slawek-8.jpg\" alt=\"slub-wero-slawek-8\" width=\"1000\" height=\"667\" srcset=\"https:\/\/www.sergiofoto.pl\/wp-content\/uploads\/2014\/11\/slub-wero-slawek-8.jpg 1000w, https:\/\/www.sergiofoto.pl\/wp-content\/uploads\/2014\/11\/slub-wero-slawek-8-300x200.jpg 300w, https:\/\/www.sergiofoto.pl\/wp-content\/uploads\/2014\/11\/slub-wero-slawek-8-150x100.jpg 150w\" sizes=\"auto, (max-width: 1000px) 100vw, 1000px\" \/><\/a><a href=\"http:\/\/www.sergiofoto.pl\/wp-content\/uploads\/2014\/11\/slub-weronika-i-slawek-2014-610.jpg\"><img loading=\"lazy\" decoding=\"async\" class=\"aligncenter size-full wp-image-1913\" src=\"http:\/\/www.sergiofoto.pl\/wp-content\/uploads\/2014\/11\/slub-weronika-i-slawek-2014-610.jpg\" alt=\"slub-weronika-i-slawek-2014-610\" width=\"1000\" height=\"667\" srcset=\"https:\/\/www.sergiofoto.pl\/wp-content\/uploads\/2014\/11\/slub-weronika-i-slawek-2014-610.jpg 1000w, https:\/\/www.sergiofoto.pl\/wp-content\/uploads\/2014\/11\/slub-weronika-i-slawek-2014-610-300x200.jpg 300w, https:\/\/www.sergiofoto.pl\/wp-content\/uploads\/2014\/11\/slub-weronika-i-slawek-2014-610-150x100.jpg 150w\" sizes=\"auto, (max-width: 1000px) 100vw, 1000px\" \/><\/a><a href=\"http:\/\/www.sergiofoto.pl\/wp-content\/uploads\/2014\/11\/slub-weronika-i-slawek-2014-612.jpg\"><img loading=\"lazy\" decoding=\"async\" class=\"aligncenter size-full wp-image-1915\" src=\"http:\/\/www.sergiofoto.pl\/wp-content\/uploads\/2014\/11\/slub-weronika-i-slawek-2014-612.jpg\" alt=\"slub-weronika-i-slawek-2014-612\" width=\"1000\" height=\"667\" srcset=\"https:\/\/www.sergiofoto.pl\/wp-content\/uploads\/2014\/11\/slub-weronika-i-slawek-2014-612.jpg 1000w, https:\/\/www.sergiofoto.pl\/wp-content\/uploads\/2014\/11\/slub-weronika-i-slawek-2014-612-300x200.jpg 300w, https:\/\/www.sergiofoto.pl\/wp-content\/uploads\/2014\/11\/slub-weronika-i-slawek-2014-612-150x100.jpg 150w\" sizes=\"auto, (max-width: 1000px) 100vw, 1000px\" \/><\/a><\/p>\n","protected":false},"excerpt":{"rendered":"<p>Fotografie di una delle pi\u00f9 caratteristiche coppie di giovani sposi. Weronika e S\u0142awek\u00a0hanno organizzato un bel matrimonio in stile greco. Siamo lieti di essere riusciti a\u00a0catturare dei momenti unici della coppia in questo giorno speciale. Le foto di cui sotto \u00e8 sola una piccolissima parte&#8230;<\/p>\n","protected":false},"author":1,"featured_media":1862,"comment_status":"open","ping_status":"open","sticky":false,"template":"","format":"image","meta":{"footnotes":""},"categories":[364,299],"tags":[626,627,368,465,628,629,630,631,262,632],"class_list":["post-1920","post","type-post","status-publish","format-image","has-post-thumbnail","hentry","category-matrimoni","category-sessioni-fotografiche","tag-elgreco-fotograf-slubny-it-3","tag-fotograf-warszawa-it-3","tag-matrimonio","tag-nozze","tag-reportaz-it-3","tag-restauracja-it-3","tag-styl-greckim-it-3","tag-usc-it-3","tag-varsavia","tag-wesele-w-stylu-greckim-it-3","post_format-post-format-image"],"yoast_head":"<!-- This site is optimized with the Yoast SEO plugin v27.3 - https:\/\/yoast.com\/product\/yoast-seo-wordpress\/ -->\n<title>Matrimonio di Weronika e S\u0142awek - Fotografie matrimonio e comune | Forografo matrimonio professionale<\/title>\n<meta name=\"description\" content=\"Le foto di cui sotto \u00e8 sola una piccolissima parte delle fotografie scattate in comune e al ristorante. Sia il matrimonio che la festa in serata hanno avuto luogo a Varsavia.\" \/>\n<meta name=\"robots\" content=\"index, follow, max-snippet:-1, max-image-preview:large, max-video-preview:-1\" \/>\n<link rel=\"canonical\" href=\"https:\/\/www.sergiofoto.pl\/it\/matrimonio-weronika-slawek-fotografie-matrimonio-comune\/\" \/>\n<meta property=\"og:locale\" content=\"it_IT\" \/>\n<meta property=\"og:type\" content=\"article\" \/>\n<meta property=\"og:title\" content=\"Matrimonio di Weronika e S\u0142awek - Fotografie matrimonio e comune | Forografo matrimonio professionale\" \/>\n<meta property=\"og:description\" content=\"Le foto di cui sotto \u00e8 sola una piccolissima parte delle fotografie scattate in comune e al ristorante. Sia il matrimonio che la festa in serata hanno avuto luogo a Varsavia.\" \/>\n<meta property=\"og:url\" content=\"https:\/\/www.sergiofoto.pl\/it\/matrimonio-weronika-slawek-fotografie-matrimonio-comune\/\" \/>\n<meta property=\"og:site_name\" content=\"Sergio&#039;s Photography - Fotografo Matrimoni | Professionista\" \/>\n<meta property=\"article:publisher\" content=\"https:\/\/www.facebook.com\/sergiofotopl\" \/>\n<meta property=\"article:author\" content=\"https:\/\/www.facebook.com\/sergioloporto\" \/>\n<meta property=\"article:published_time\" content=\"2014-11-12T10:54:05+00:00\" \/>\n<meta property=\"article:modified_time\" content=\"2014-11-12T12:56:46+00:00\" \/>\n<meta property=\"og:image\" content=\"https:\/\/www.sergiofoto.pl\/wp-content\/uploads\/2014\/11\/slub-weronika-i-slawek-2014-104.jpg\" \/>\n\t<meta property=\"og:image:width\" content=\"1000\" \/>\n\t<meta property=\"og:image:height\" content=\"667\" \/>\n\t<meta property=\"og:image:type\" content=\"image\/jpeg\" \/>\n<meta name=\"author\" content=\"sergiofoto\" \/>\n<meta name=\"twitter:label1\" content=\"Written by\" \/>\n\t<meta name=\"twitter:data1\" content=\"sergiofoto\" \/>\n<script type=\"application\/ld+json\" class=\"yoast-schema-graph\">{\"@context\":\"https:\\\/\\\/schema.org\",\"@graph\":[{\"@type\":\"Article\",\"@id\":\"https:\\\/\\\/www.sergiofoto.pl\\\/it\\\/matrimonio-weronika-slawek-fotografie-matrimonio-comune\\\/#article\",\"isPartOf\":{\"@id\":\"https:\\\/\\\/www.sergiofoto.pl\\\/it\\\/matrimonio-weronika-slawek-fotografie-matrimonio-comune\\\/\"},\"author\":{\"name\":\"sergiofoto\",\"@id\":\"http:\\\/\\\/www.sergiofoto.pl\\\/#\\\/schema\\\/person\\\/dd2e45d98226b166e790b64fbb9709fe\"},\"headline\":\"Matrimonio di Weronika e S\u0142awek &#8211; Fotografie matrimonio e comune\",\"datePublished\":\"2014-11-12T10:54:05+00:00\",\"dateModified\":\"2014-11-12T12:56:46+00:00\",\"mainEntityOfPage\":{\"@id\":\"https:\\\/\\\/www.sergiofoto.pl\\\/it\\\/matrimonio-weronika-slawek-fotografie-matrimonio-comune\\\/\"},\"wordCount\":81,\"commentCount\":0,\"image\":{\"@id\":\"https:\\\/\\\/www.sergiofoto.pl\\\/it\\\/matrimonio-weronika-slawek-fotografie-matrimonio-comune\\\/#primaryimage\"},\"thumbnailUrl\":\"https:\\\/\\\/www.sergiofoto.pl\\\/wp-content\\\/uploads\\\/2014\\\/11\\\/slub-weronika-i-slawek-2014-104.jpg\",\"keywords\":[\"elgreco fotograf \u015blubny\",\"fotograf warszawa\",\"matrimonio\",\"nozze\",\"reporta\u017c\",\"restauracja\",\"styl greckim\",\"usc\",\"varsavia\",\"wesele w stylu greckim\"],\"articleSection\":[\"Matrimoni\",\"Sessioni fotografiche\"],\"inLanguage\":\"it\",\"potentialAction\":[{\"@type\":\"CommentAction\",\"name\":\"Comment\",\"target\":[\"https:\\\/\\\/www.sergiofoto.pl\\\/it\\\/matrimonio-weronika-slawek-fotografie-matrimonio-comune\\\/#respond\"]}]},{\"@type\":\"WebPage\",\"@id\":\"https:\\\/\\\/www.sergiofoto.pl\\\/it\\\/matrimonio-weronika-slawek-fotografie-matrimonio-comune\\\/\",\"url\":\"https:\\\/\\\/www.sergiofoto.pl\\\/it\\\/matrimonio-weronika-slawek-fotografie-matrimonio-comune\\\/\",\"name\":\"Matrimonio di Weronika e S\u0142awek - Fotografie matrimonio e comune | Forografo matrimonio professionale\",\"isPartOf\":{\"@id\":\"http:\\\/\\\/www.sergiofoto.pl\\\/#website\"},\"primaryImageOfPage\":{\"@id\":\"https:\\\/\\\/www.sergiofoto.pl\\\/it\\\/matrimonio-weronika-slawek-fotografie-matrimonio-comune\\\/#primaryimage\"},\"image\":{\"@id\":\"https:\\\/\\\/www.sergiofoto.pl\\\/it\\\/matrimonio-weronika-slawek-fotografie-matrimonio-comune\\\/#primaryimage\"},\"thumbnailUrl\":\"https:\\\/\\\/www.sergiofoto.pl\\\/wp-content\\\/uploads\\\/2014\\\/11\\\/slub-weronika-i-slawek-2014-104.jpg\",\"datePublished\":\"2014-11-12T10:54:05+00:00\",\"dateModified\":\"2014-11-12T12:56:46+00:00\",\"author\":{\"@id\":\"http:\\\/\\\/www.sergiofoto.pl\\\/#\\\/schema\\\/person\\\/dd2e45d98226b166e790b64fbb9709fe\"},\"description\":\"Le foto di cui sotto \u00e8 sola una piccolissima parte delle fotografie scattate in comune e al ristorante. Sia il matrimonio che la festa in serata hanno avuto luogo a Varsavia.\",\"breadcrumb\":{\"@id\":\"https:\\\/\\\/www.sergiofoto.pl\\\/it\\\/matrimonio-weronika-slawek-fotografie-matrimonio-comune\\\/#breadcrumb\"},\"inLanguage\":\"it\",\"potentialAction\":[{\"@type\":\"ReadAction\",\"target\":[\"https:\\\/\\\/www.sergiofoto.pl\\\/it\\\/matrimonio-weronika-slawek-fotografie-matrimonio-comune\\\/\"]}]},{\"@type\":\"ImageObject\",\"inLanguage\":\"it\",\"@id\":\"https:\\\/\\\/www.sergiofoto.pl\\\/it\\\/matrimonio-weronika-slawek-fotografie-matrimonio-comune\\\/#primaryimage\",\"url\":\"https:\\\/\\\/www.sergiofoto.pl\\\/wp-content\\\/uploads\\\/2014\\\/11\\\/slub-weronika-i-slawek-2014-104.jpg\",\"contentUrl\":\"https:\\\/\\\/www.sergiofoto.pl\\\/wp-content\\\/uploads\\\/2014\\\/11\\\/slub-weronika-i-slawek-2014-104.jpg\",\"width\":1000,\"height\":667},{\"@type\":\"BreadcrumbList\",\"@id\":\"https:\\\/\\\/www.sergiofoto.pl\\\/it\\\/matrimonio-weronika-slawek-fotografie-matrimonio-comune\\\/#breadcrumb\",\"itemListElement\":[{\"@type\":\"ListItem\",\"position\":1,\"name\":\"Home\",\"item\":\"https:\\\/\\\/www.sergiofoto.pl\\\/it\\\/homepage-sergio-foto\\\/\"},{\"@type\":\"ListItem\",\"position\":2,\"name\":\"Matrimonio di Weronika e S\u0142awek &#8211; Fotografie matrimonio e comune\"}]},{\"@type\":\"WebSite\",\"@id\":\"http:\\\/\\\/www.sergiofoto.pl\\\/#website\",\"url\":\"http:\\\/\\\/www.sergiofoto.pl\\\/\",\"name\":\"Sergio's Photography - Fotografia... po w\u0142osku!\",\"description\":\"Fotografo matrimoni, bambini, modelle, eventi e press. Straordinarie fotografie di trucco, ritratti. Fotografia pubblicitaria. Servizi fotografici in studio e all'aperto\",\"potentialAction\":[{\"@type\":\"SearchAction\",\"target\":{\"@type\":\"EntryPoint\",\"urlTemplate\":\"http:\\\/\\\/www.sergiofoto.pl\\\/?s={search_term_string}\"},\"query-input\":{\"@type\":\"PropertyValueSpecification\",\"valueRequired\":true,\"valueName\":\"search_term_string\"}}],\"inLanguage\":\"it\"},{\"@type\":\"Person\",\"@id\":\"http:\\\/\\\/www.sergiofoto.pl\\\/#\\\/schema\\\/person\\\/dd2e45d98226b166e790b64fbb9709fe\",\"name\":\"sergiofoto\",\"image\":{\"@type\":\"ImageObject\",\"inLanguage\":\"it\",\"@id\":\"https:\\\/\\\/secure.gravatar.com\\\/avatar\\\/9d7705d1891ceb4928b24acbfaccc8cb0160bc173b0d39fc7a9acbc834a15081?s=96&d=mm&r=g\",\"url\":\"https:\\\/\\\/secure.gravatar.com\\\/avatar\\\/9d7705d1891ceb4928b24acbfaccc8cb0160bc173b0d39fc7a9acbc834a15081?s=96&d=mm&r=g\",\"contentUrl\":\"https:\\\/\\\/secure.gravatar.com\\\/avatar\\\/9d7705d1891ceb4928b24acbfaccc8cb0160bc173b0d39fc7a9acbc834a15081?s=96&d=mm&r=g\",\"caption\":\"sergiofoto\"},\"sameAs\":[\"http:\\\/\\\/sergiofoto.pl\",\"https:\\\/\\\/www.facebook.com\\\/sergioloporto\"],\"url\":\"https:\\\/\\\/www.sergiofoto.pl\\\/it\\\/author\\\/sergiofoto\\\/\"}]}<\/script>\n<!-- \/ Yoast SEO plugin. -->","yoast_head_json":{"title":"Matrimonio di Weronika e S\u0142awek - Fotografie matrimonio e comune | Forografo matrimonio professionale","description":"Le foto di cui sotto \u00e8 sola una piccolissima parte delle fotografie scattate in comune e al ristorante. Sia il matrimonio che la festa in serata hanno avuto luogo a Varsavia.","robots":{"index":"index","follow":"follow","max-snippet":"max-snippet:-1","max-image-preview":"max-image-preview:large","max-video-preview":"max-video-preview:-1"},"canonical":"https:\/\/www.sergiofoto.pl\/it\/matrimonio-weronika-slawek-fotografie-matrimonio-comune\/","og_locale":"it_IT","og_type":"article","og_title":"Matrimonio di Weronika e S\u0142awek - Fotografie matrimonio e comune | Forografo matrimonio professionale","og_description":"Le foto di cui sotto \u00e8 sola una piccolissima parte delle fotografie scattate in comune e al ristorante. Sia il matrimonio che la festa in serata hanno avuto luogo a Varsavia.","og_url":"https:\/\/www.sergiofoto.pl\/it\/matrimonio-weronika-slawek-fotografie-matrimonio-comune\/","og_site_name":"Sergio's Photography - Fotografo Matrimoni | Professionista","article_publisher":"https:\/\/www.facebook.com\/sergiofotopl","article_author":"https:\/\/www.facebook.com\/sergioloporto","article_published_time":"2014-11-12T10:54:05+00:00","article_modified_time":"2014-11-12T12:56:46+00:00","og_image":[{"width":1000,"height":667,"url":"https:\/\/www.sergiofoto.pl\/wp-content\/uploads\/2014\/11\/slub-weronika-i-slawek-2014-104.jpg","type":"image\/jpeg"}],"author":"sergiofoto","twitter_misc":{"Written by":"sergiofoto"},"schema":{"@context":"https:\/\/schema.org","@graph":[{"@type":"Article","@id":"https:\/\/www.sergiofoto.pl\/it\/matrimonio-weronika-slawek-fotografie-matrimonio-comune\/#article","isPartOf":{"@id":"https:\/\/www.sergiofoto.pl\/it\/matrimonio-weronika-slawek-fotografie-matrimonio-comune\/"},"author":{"name":"sergiofoto","@id":"http:\/\/www.sergiofoto.pl\/#\/schema\/person\/dd2e45d98226b166e790b64fbb9709fe"},"headline":"Matrimonio di Weronika e S\u0142awek &#8211; Fotografie matrimonio e comune","datePublished":"2014-11-12T10:54:05+00:00","dateModified":"2014-11-12T12:56:46+00:00","mainEntityOfPage":{"@id":"https:\/\/www.sergiofoto.pl\/it\/matrimonio-weronika-slawek-fotografie-matrimonio-comune\/"},"wordCount":81,"commentCount":0,"image":{"@id":"https:\/\/www.sergiofoto.pl\/it\/matrimonio-weronika-slawek-fotografie-matrimonio-comune\/#primaryimage"},"thumbnailUrl":"https:\/\/www.sergiofoto.pl\/wp-content\/uploads\/2014\/11\/slub-weronika-i-slawek-2014-104.jpg","keywords":["elgreco fotograf \u015blubny","fotograf warszawa","matrimonio","nozze","reporta\u017c","restauracja","styl greckim","usc","varsavia","wesele w stylu greckim"],"articleSection":["Matrimoni","Sessioni fotografiche"],"inLanguage":"it","potentialAction":[{"@type":"CommentAction","name":"Comment","target":["https:\/\/www.sergiofoto.pl\/it\/matrimonio-weronika-slawek-fotografie-matrimonio-comune\/#respond"]}]},{"@type":"WebPage","@id":"https:\/\/www.sergiofoto.pl\/it\/matrimonio-weronika-slawek-fotografie-matrimonio-comune\/","url":"https:\/\/www.sergiofoto.pl\/it\/matrimonio-weronika-slawek-fotografie-matrimonio-comune\/","name":"Matrimonio di Weronika e S\u0142awek - Fotografie matrimonio e comune | Forografo matrimonio professionale","isPartOf":{"@id":"http:\/\/www.sergiofoto.pl\/#website"},"primaryImageOfPage":{"@id":"https:\/\/www.sergiofoto.pl\/it\/matrimonio-weronika-slawek-fotografie-matrimonio-comune\/#primaryimage"},"image":{"@id":"https:\/\/www.sergiofoto.pl\/it\/matrimonio-weronika-slawek-fotografie-matrimonio-comune\/#primaryimage"},"thumbnailUrl":"https:\/\/www.sergiofoto.pl\/wp-content\/uploads\/2014\/11\/slub-weronika-i-slawek-2014-104.jpg","datePublished":"2014-11-12T10:54:05+00:00","dateModified":"2014-11-12T12:56:46+00:00","author":{"@id":"http:\/\/www.sergiofoto.pl\/#\/schema\/person\/dd2e45d98226b166e790b64fbb9709fe"},"description":"Le foto di cui sotto \u00e8 sola una piccolissima parte delle fotografie scattate in comune e al ristorante. Sia il matrimonio che la festa in serata hanno avuto luogo a Varsavia.","breadcrumb":{"@id":"https:\/\/www.sergiofoto.pl\/it\/matrimonio-weronika-slawek-fotografie-matrimonio-comune\/#breadcrumb"},"inLanguage":"it","potentialAction":[{"@type":"ReadAction","target":["https:\/\/www.sergiofoto.pl\/it\/matrimonio-weronika-slawek-fotografie-matrimonio-comune\/"]}]},{"@type":"ImageObject","inLanguage":"it","@id":"https:\/\/www.sergiofoto.pl\/it\/matrimonio-weronika-slawek-fotografie-matrimonio-comune\/#primaryimage","url":"https:\/\/www.sergiofoto.pl\/wp-content\/uploads\/2014\/11\/slub-weronika-i-slawek-2014-104.jpg","contentUrl":"https:\/\/www.sergiofoto.pl\/wp-content\/uploads\/2014\/11\/slub-weronika-i-slawek-2014-104.jpg","width":1000,"height":667},{"@type":"BreadcrumbList","@id":"https:\/\/www.sergiofoto.pl\/it\/matrimonio-weronika-slawek-fotografie-matrimonio-comune\/#breadcrumb","itemListElement":[{"@type":"ListItem","position":1,"name":"Home","item":"https:\/\/www.sergiofoto.pl\/it\/homepage-sergio-foto\/"},{"@type":"ListItem","position":2,"name":"Matrimonio di Weronika e S\u0142awek &#8211; Fotografie matrimonio e comune"}]},{"@type":"WebSite","@id":"http:\/\/www.sergiofoto.pl\/#website","url":"http:\/\/www.sergiofoto.pl\/","name":"Sergio's Photography - Fotografia... po w\u0142osku!","description":"Fotografo matrimoni, bambini, modelle, eventi e press. Straordinarie fotografie di trucco, ritratti. Fotografia pubblicitaria. Servizi fotografici in studio e all'aperto","potentialAction":[{"@type":"SearchAction","target":{"@type":"EntryPoint","urlTemplate":"http:\/\/www.sergiofoto.pl\/?s={search_term_string}"},"query-input":{"@type":"PropertyValueSpecification","valueRequired":true,"valueName":"search_term_string"}}],"inLanguage":"it"},{"@type":"Person","@id":"http:\/\/www.sergiofoto.pl\/#\/schema\/person\/dd2e45d98226b166e790b64fbb9709fe","name":"sergiofoto","image":{"@type":"ImageObject","inLanguage":"it","@id":"https:\/\/secure.gravatar.com\/avatar\/9d7705d1891ceb4928b24acbfaccc8cb0160bc173b0d39fc7a9acbc834a15081?s=96&d=mm&r=g","url":"https:\/\/secure.gravatar.com\/avatar\/9d7705d1891ceb4928b24acbfaccc8cb0160bc173b0d39fc7a9acbc834a15081?s=96&d=mm&r=g","contentUrl":"https:\/\/secure.gravatar.com\/avatar\/9d7705d1891ceb4928b24acbfaccc8cb0160bc173b0d39fc7a9acbc834a15081?s=96&d=mm&r=g","caption":"sergiofoto"},"sameAs":["http:\/\/sergiofoto.pl","https:\/\/www.facebook.com\/sergioloporto"],"url":"https:\/\/www.sergiofoto.pl\/it\/author\/sergiofoto\/"}]}},"_links":{"self":[{"href":"https:\/\/www.sergiofoto.pl\/it\/wp-json\/wp\/v2\/posts\/1920\/"}],"collection":[{"href":"https:\/\/www.sergiofoto.pl\/it\/wp-json\/wp\/v2\/posts\/"}],"about":[{"href":"https:\/\/www.sergiofoto.pl\/it\/wp-json\/wp\/v2\/types\/post\/"}],"author":[{"embeddable":true,"href":"https:\/\/www.sergiofoto.pl\/it\/wp-json\/wp\/v2\/users\/1\/"}],"replies":[{"embeddable":true,"href":"https:\/\/www.sergiofoto.pl\/it\/wp-json\/wp\/v2\/comments\/?post=1920"}],"version-history":[{"count":2,"href":"https:\/\/www.sergiofoto.pl\/it\/wp-json\/wp\/v2\/posts\/1920\/revisions\/"}],"predecessor-version":[{"id":1934,"href":"https:\/\/www.sergiofoto.pl\/it\/wp-json\/wp\/v2\/posts\/1920\/revisions\/1934\/"}],"wp:featuredmedia":[{"embeddable":true,"href":"https:\/\/www.sergiofoto.pl\/it\/wp-json\/wp\/v2\/media\/1862\/"}],"wp:attachment":[{"href":"https:\/\/www.sergiofoto.pl\/it\/wp-json\/wp\/v2\/media\/?parent=1920"}],"wp:term":[{"taxonomy":"category","embeddable":true,"href":"https:\/\/www.sergiofoto.pl\/it\/wp-json\/wp\/v2\/categories\/?post=1920"},{"taxonomy":"post_tag","embeddable":true,"href":"https:\/\/www.sergiofoto.pl\/it\/wp-json\/wp\/v2\/tags\/?post=1920"}],"curies":[{"name":"wp","href":"https:\/\/api.w.org\/{rel}","templated":true}]}}