{"id":3540,"date":"2014-08-14T11:07:12","date_gmt":"2014-08-14T09:07:12","guid":{"rendered":"http:\/\/www.sergioloporto.com\/artystyczna-sesja-zdjeciowa-mamy-dziecka-plener-cala-sisine\/"},"modified":"2015-11-27T22:25:25","modified_gmt":"2015-11-27T21:25:25","slug":"artistic-photo-shoot-mother-child-cala-sisine-beach","status":"publish","type":"post","link":"https:\/\/www.sergiofoto.pl\/en\/artistic-photo-shoot-mother-child-cala-sisine-beach\/","title":{"rendered":"Artistic photo shoot for mother and child | Cala Sisine beach"},"content":{"rendered":"<p>This summer we had the pleasure to perform an artistic photo shoot for the little Sofia and her mom The beautiful place, where this photo shoot was taken\u00a0is the beach of Cala Sisine, Orosei Gulf in Sardinia.<\/p>\n<p>In order to achieve the desired effect we had to wait until about 17:00, when the sun was enough down so that it could\u00a0not distort the details.<\/p>\n<p>&nbsp;<\/p>\n<p><img loading=\"lazy\" decoding=\"async\" class=\"size-full wp-image-896 aligncenter\" src=\"http:\/\/www.sergiofoto.pl\/wp-content\/uploads\/2014\/08\/cala-sisine-foto-artistiche-sofia-5-960px.jpg\" alt=\"Cala Sisine - children photography\" width=\"960\" height=\"640\" srcset=\"https:\/\/www.sergiofoto.pl\/wp-content\/uploads\/2014\/08\/cala-sisine-foto-artistiche-sofia-5-960px.jpg 960w, https:\/\/www.sergiofoto.pl\/wp-content\/uploads\/2014\/08\/cala-sisine-foto-artistiche-sofia-5-960px-300x200.jpg 300w\" sizes=\"auto, (max-width: 960px) 100vw, 960px\" \/><a href=\"http:\/\/www.sergiofoto.pl\/wp-content\/uploads\/2014\/08\/cala-sisine-foto-artistiche-sofia-2-960px.jpg\"><img loading=\"lazy\" decoding=\"async\" class=\"aligncenter size-full wp-image-893\" src=\"http:\/\/www.sergiofoto.pl\/wp-content\/uploads\/2014\/08\/cala-sisine-foto-artistiche-sofia-2-960px.jpg\" alt=\"Cala Sisine - artistic children photography\" width=\"960\" height=\"640\" srcset=\"https:\/\/www.sergiofoto.pl\/wp-content\/uploads\/2014\/08\/cala-sisine-foto-artistiche-sofia-2-960px.jpg 960w, https:\/\/www.sergiofoto.pl\/wp-content\/uploads\/2014\/08\/cala-sisine-foto-artistiche-sofia-2-960px-300x200.jpg 300w\" sizes=\"auto, (max-width: 960px) 100vw, 960px\" \/><\/a> <a href=\"http:\/\/www.sergiofoto.pl\/wp-content\/uploads\/2014\/08\/cala-sisine-foto-artistiche-sofia-3-960px.jpg\"><img loading=\"lazy\" decoding=\"async\" class=\"size-full wp-image-894 aligncenter\" src=\"http:\/\/www.sergiofoto.pl\/wp-content\/uploads\/2014\/08\/cala-sisine-foto-artistiche-sofia-3-960px.jpg\" alt=\"Cala Sisine - artistic children photography\" width=\"960\" height=\"640\" srcset=\"https:\/\/www.sergiofoto.pl\/wp-content\/uploads\/2014\/08\/cala-sisine-foto-artistiche-sofia-3-960px.jpg 960w, https:\/\/www.sergiofoto.pl\/wp-content\/uploads\/2014\/08\/cala-sisine-foto-artistiche-sofia-3-960px-300x200.jpg 300w\" sizes=\"auto, (max-width: 960px) 100vw, 960px\" \/><\/a> <a href=\"http:\/\/www.sergiofoto.pl\/wp-content\/uploads\/2014\/08\/cala-sisine-foto-artistiche-sofia-4-960px.jpg\"><img loading=\"lazy\" decoding=\"async\" class=\"size-full wp-image-895 aligncenter\" src=\"http:\/\/www.sergiofoto.pl\/wp-content\/uploads\/2014\/08\/cala-sisine-foto-artistiche-sofia-4-960px.jpg\" alt=\"Cala Sisine - artistic children photography\" width=\"960\" height=\"640\" srcset=\"https:\/\/www.sergiofoto.pl\/wp-content\/uploads\/2014\/08\/cala-sisine-foto-artistiche-sofia-4-960px.jpg 960w, https:\/\/www.sergiofoto.pl\/wp-content\/uploads\/2014\/08\/cala-sisine-foto-artistiche-sofia-4-960px-300x200.jpg 300w\" sizes=\"auto, (max-width: 960px) 100vw, 960px\" \/><\/a> <a href=\"http:\/\/www.sergiofoto.pl\/wp-content\/uploads\/2014\/08\/cala-sisine-foto-artistiche-sofia-1-960px.jpg\"><img loading=\"lazy\" decoding=\"async\" class=\"size-full wp-image-897 aligncenter\" src=\"http:\/\/www.sergiofoto.pl\/wp-content\/uploads\/2014\/08\/cala-sisine-foto-artistiche-sofia-1-960px.jpg\" alt=\"Cala Sisine - children photography\" width=\"960\" height=\"640\" srcset=\"https:\/\/www.sergiofoto.pl\/wp-content\/uploads\/2014\/08\/cala-sisine-foto-artistiche-sofia-1-960px.jpg 960w, https:\/\/www.sergiofoto.pl\/wp-content\/uploads\/2014\/08\/cala-sisine-foto-artistiche-sofia-1-960px-300x200.jpg 300w\" sizes=\"auto, (max-width: 960px) 100vw, 960px\" \/><\/a><\/p>\n","protected":false},"excerpt":{"rendered":"<p>This summer we had the pleasure to perform an artistic photo shoot for the little Sofia and her mom The beautiful place, where this photo shoot was taken\u00a0is the beach of Cala Sisine, Orosei Gulf in Sardinia. In order to achieve the desired effect we&#8230;<\/p>\n","protected":false},"author":1,"featured_media":3545,"comment_status":"open","ping_status":"open","sticky":false,"template":"","format":"image","meta":{"footnotes":""},"categories":[672,670],"tags":[1297,1298,1299,1300,1301,1017,1302,1303,1304,708],"class_list":["post-3540","post","type-post","status-publish","format-image","has-post-thumbnail","hentry","category-children","category-photo-shoots","tag-artystyczna-sesja-zdjeciowa-en","tag-artystyczne-zdjecia-en","tag-cala-sisine-en","tag-fotograf-dzieci-en","tag-fotografie-artystyczne-en","tag-sesja-artystyczna-en","tag-sesja-na-plazy-en","tag-sesja-na-sardynii-en","tag-sesja-plazowa-en","tag-sesja-zdjeciowa-en","post_format-post-format-image"],"yoast_head":"<!-- This site is optimized with the Yoast SEO plugin v27.3 - https:\/\/yoast.com\/product\/yoast-seo-wordpress\/ -->\n<title>Artistic photo shoot for mother and child | Cala Sisine beach | Fotograf Warszawa<\/title>\n<meta name=\"description\" content=\"Come and see the newest photo shoot for a child and her mother. The photos were taken in Sardiania, on the beach Cala Sisine.\" \/>\n<meta name=\"robots\" content=\"index, follow, max-snippet:-1, max-image-preview:large, max-video-preview:-1\" \/>\n<link rel=\"canonical\" href=\"https:\/\/www.sergiofoto.pl\/en\/artistic-photo-shoot-mother-child-cala-sisine-beach\/\" \/>\n<meta property=\"og:locale\" content=\"en_US\" \/>\n<meta property=\"og:type\" content=\"article\" \/>\n<meta property=\"og:title\" content=\"Artistic photo shoot for mother and child | Cala Sisine beach | Fotograf Warszawa\" \/>\n<meta property=\"og:description\" content=\"Come and see the newest photo shoot for a child and her mother. The photos were taken in Sardiania, on the beach Cala Sisine.\" \/>\n<meta property=\"og:url\" content=\"https:\/\/www.sergiofoto.pl\/en\/artistic-photo-shoot-mother-child-cala-sisine-beach\/\" \/>\n<meta property=\"og:site_name\" content=\"Sergio&#039;s Photography - Fotografia... po w\u0142osku!\" \/>\n<meta property=\"article:publisher\" content=\"https:\/\/www.facebook.com\/sergiofotopl\" \/>\n<meta property=\"article:author\" content=\"https:\/\/www.facebook.com\/sergioloporto\" \/>\n<meta property=\"article:published_time\" content=\"2014-08-14T09:07:12+00:00\" \/>\n<meta property=\"article:modified_time\" content=\"2015-11-27T21:25:25+00:00\" \/>\n<meta property=\"og:image\" content=\"https:\/\/www.sergiofoto.pl\/wp-content\/uploads\/2014\/08\/cala-sisine-foto-artistiche-sofia-3-960px1.jpg\" \/>\n\t<meta property=\"og:image:width\" content=\"960\" \/>\n\t<meta property=\"og:image:height\" content=\"640\" \/>\n\t<meta property=\"og:image:type\" content=\"image\/jpeg\" \/>\n<meta name=\"author\" content=\"sergiofoto\" \/>\n<meta name=\"twitter:label1\" content=\"Written by\" \/>\n\t<meta name=\"twitter:data1\" content=\"sergiofoto\" \/>\n<script type=\"application\/ld+json\" class=\"yoast-schema-graph\">{\"@context\":\"https:\\\/\\\/schema.org\",\"@graph\":[{\"@type\":\"Article\",\"@id\":\"https:\\\/\\\/www.sergiofoto.pl\\\/en\\\/artistic-photo-shoot-mother-child-cala-sisine-beach\\\/#article\",\"isPartOf\":{\"@id\":\"https:\\\/\\\/www.sergiofoto.pl\\\/en\\\/artistic-photo-shoot-mother-child-cala-sisine-beach\\\/\"},\"author\":{\"name\":\"sergiofoto\",\"@id\":\"http:\\\/\\\/www.sergiofoto.pl\\\/#\\\/schema\\\/person\\\/dd2e45d98226b166e790b64fbb9709fe\"},\"headline\":\"Artistic photo shoot for mother and child | Cala Sisine beach\",\"datePublished\":\"2014-08-14T09:07:12+00:00\",\"dateModified\":\"2015-11-27T21:25:25+00:00\",\"mainEntityOfPage\":{\"@id\":\"https:\\\/\\\/www.sergiofoto.pl\\\/en\\\/artistic-photo-shoot-mother-child-cala-sisine-beach\\\/\"},\"wordCount\":76,\"commentCount\":0,\"image\":{\"@id\":\"https:\\\/\\\/www.sergiofoto.pl\\\/en\\\/artistic-photo-shoot-mother-child-cala-sisine-beach\\\/#primaryimage\"},\"thumbnailUrl\":\"https:\\\/\\\/www.sergiofoto.pl\\\/wp-content\\\/uploads\\\/2014\\\/08\\\/cala-sisine-foto-artistiche-sofia-3-960px1.jpg\",\"keywords\":[\"artystyczna sesja zdj\u0119ciowa\",\"artystyczne zdj\u0119cia\",\"cala sisine\",\"fotograf dzieci\",\"fotografie artystyczne\",\"sesja artystyczna\",\"sesja na pla\u017cy\",\"sesja na sardynii\",\"sesja pla\u017cowa\",\"sesja zdj\u0119ciowa\"],\"articleSection\":[\"Children\",\"Photo shoots\"],\"inLanguage\":\"en\",\"potentialAction\":[{\"@type\":\"CommentAction\",\"name\":\"Comment\",\"target\":[\"https:\\\/\\\/www.sergiofoto.pl\\\/en\\\/artistic-photo-shoot-mother-child-cala-sisine-beach\\\/#respond\"]}]},{\"@type\":\"WebPage\",\"@id\":\"https:\\\/\\\/www.sergiofoto.pl\\\/en\\\/artistic-photo-shoot-mother-child-cala-sisine-beach\\\/\",\"url\":\"https:\\\/\\\/www.sergiofoto.pl\\\/en\\\/artistic-photo-shoot-mother-child-cala-sisine-beach\\\/\",\"name\":\"Artistic photo shoot for mother and child | Cala Sisine beach | Fotograf Warszawa\",\"isPartOf\":{\"@id\":\"http:\\\/\\\/www.sergiofoto.pl\\\/#website\"},\"primaryImageOfPage\":{\"@id\":\"https:\\\/\\\/www.sergiofoto.pl\\\/en\\\/artistic-photo-shoot-mother-child-cala-sisine-beach\\\/#primaryimage\"},\"image\":{\"@id\":\"https:\\\/\\\/www.sergiofoto.pl\\\/en\\\/artistic-photo-shoot-mother-child-cala-sisine-beach\\\/#primaryimage\"},\"thumbnailUrl\":\"https:\\\/\\\/www.sergiofoto.pl\\\/wp-content\\\/uploads\\\/2014\\\/08\\\/cala-sisine-foto-artistiche-sofia-3-960px1.jpg\",\"datePublished\":\"2014-08-14T09:07:12+00:00\",\"dateModified\":\"2015-11-27T21:25:25+00:00\",\"author\":{\"@id\":\"http:\\\/\\\/www.sergiofoto.pl\\\/#\\\/schema\\\/person\\\/dd2e45d98226b166e790b64fbb9709fe\"},\"description\":\"Come and see the newest photo shoot for a child and her mother. The photos were taken in Sardiania, on the beach Cala Sisine.\",\"breadcrumb\":{\"@id\":\"https:\\\/\\\/www.sergiofoto.pl\\\/en\\\/artistic-photo-shoot-mother-child-cala-sisine-beach\\\/#breadcrumb\"},\"inLanguage\":\"en\",\"potentialAction\":[{\"@type\":\"ReadAction\",\"target\":[\"https:\\\/\\\/www.sergiofoto.pl\\\/en\\\/artistic-photo-shoot-mother-child-cala-sisine-beach\\\/\"]}]},{\"@type\":\"ImageObject\",\"inLanguage\":\"en\",\"@id\":\"https:\\\/\\\/www.sergiofoto.pl\\\/en\\\/artistic-photo-shoot-mother-child-cala-sisine-beach\\\/#primaryimage\",\"url\":\"https:\\\/\\\/www.sergiofoto.pl\\\/wp-content\\\/uploads\\\/2014\\\/08\\\/cala-sisine-foto-artistiche-sofia-3-960px1.jpg\",\"contentUrl\":\"https:\\\/\\\/www.sergiofoto.pl\\\/wp-content\\\/uploads\\\/2014\\\/08\\\/cala-sisine-foto-artistiche-sofia-3-960px1.jpg\",\"width\":960,\"height\":640},{\"@type\":\"BreadcrumbList\",\"@id\":\"https:\\\/\\\/www.sergiofoto.pl\\\/en\\\/artistic-photo-shoot-mother-child-cala-sisine-beach\\\/#breadcrumb\",\"itemListElement\":[{\"@type\":\"ListItem\",\"position\":1,\"name\":\"Home\",\"item\":\"https:\\\/\\\/www.sergiofoto.pl\\\/en\\\/\"},{\"@type\":\"ListItem\",\"position\":2,\"name\":\"Artistic photo shoot for mother and child | Cala Sisine beach\"}]},{\"@type\":\"WebSite\",\"@id\":\"http:\\\/\\\/www.sergiofoto.pl\\\/#website\",\"url\":\"http:\\\/\\\/www.sergiofoto.pl\\\/\",\"name\":\"Sergio's Photography - Fotografia... po w\u0142osku!\",\"description\":\"Fotograf \u015blubny, okoliczno\u015bciowy i dla dzieci Warszawa. Wyj\u0105tkowe fotografie makija\u017cu, portrety. Fotografia reklamowa. Sesje zdj\u0119ciowe w Warszawie w studio i w plenerze\",\"potentialAction\":[{\"@type\":\"SearchAction\",\"target\":{\"@type\":\"EntryPoint\",\"urlTemplate\":\"http:\\\/\\\/www.sergiofoto.pl\\\/?s={search_term_string}\"},\"query-input\":{\"@type\":\"PropertyValueSpecification\",\"valueRequired\":true,\"valueName\":\"search_term_string\"}}],\"inLanguage\":\"en\"},{\"@type\":\"Person\",\"@id\":\"http:\\\/\\\/www.sergiofoto.pl\\\/#\\\/schema\\\/person\\\/dd2e45d98226b166e790b64fbb9709fe\",\"name\":\"sergiofoto\",\"image\":{\"@type\":\"ImageObject\",\"inLanguage\":\"en\",\"@id\":\"https:\\\/\\\/secure.gravatar.com\\\/avatar\\\/9d7705d1891ceb4928b24acbfaccc8cb0160bc173b0d39fc7a9acbc834a15081?s=96&d=mm&r=g\",\"url\":\"https:\\\/\\\/secure.gravatar.com\\\/avatar\\\/9d7705d1891ceb4928b24acbfaccc8cb0160bc173b0d39fc7a9acbc834a15081?s=96&d=mm&r=g\",\"contentUrl\":\"https:\\\/\\\/secure.gravatar.com\\\/avatar\\\/9d7705d1891ceb4928b24acbfaccc8cb0160bc173b0d39fc7a9acbc834a15081?s=96&d=mm&r=g\",\"caption\":\"sergiofoto\"},\"sameAs\":[\"http:\\\/\\\/sergiofoto.pl\",\"https:\\\/\\\/www.facebook.com\\\/sergioloporto\"],\"url\":\"https:\\\/\\\/www.sergiofoto.pl\\\/en\\\/author\\\/sergiofoto\\\/\"}]}<\/script>\n<!-- \/ Yoast SEO plugin. -->","yoast_head_json":{"title":"Artistic photo shoot for mother and child | Cala Sisine beach | Fotograf Warszawa","description":"Come and see the newest photo shoot for a child and her mother. The photos were taken in Sardiania, on the beach Cala Sisine.","robots":{"index":"index","follow":"follow","max-snippet":"max-snippet:-1","max-image-preview":"max-image-preview:large","max-video-preview":"max-video-preview:-1"},"canonical":"https:\/\/www.sergiofoto.pl\/en\/artistic-photo-shoot-mother-child-cala-sisine-beach\/","og_locale":"en_US","og_type":"article","og_title":"Artistic photo shoot for mother and child | Cala Sisine beach | Fotograf Warszawa","og_description":"Come and see the newest photo shoot for a child and her mother. The photos were taken in Sardiania, on the beach Cala Sisine.","og_url":"https:\/\/www.sergiofoto.pl\/en\/artistic-photo-shoot-mother-child-cala-sisine-beach\/","og_site_name":"Sergio&#039;s Photography - Fotografia... po w\u0142osku!","article_publisher":"https:\/\/www.facebook.com\/sergiofotopl","article_author":"https:\/\/www.facebook.com\/sergioloporto","article_published_time":"2014-08-14T09:07:12+00:00","article_modified_time":"2015-11-27T21:25:25+00:00","og_image":[{"width":960,"height":640,"url":"https:\/\/www.sergiofoto.pl\/wp-content\/uploads\/2014\/08\/cala-sisine-foto-artistiche-sofia-3-960px1.jpg","type":"image\/jpeg"}],"author":"sergiofoto","twitter_misc":{"Written by":"sergiofoto"},"schema":{"@context":"https:\/\/schema.org","@graph":[{"@type":"Article","@id":"https:\/\/www.sergiofoto.pl\/en\/artistic-photo-shoot-mother-child-cala-sisine-beach\/#article","isPartOf":{"@id":"https:\/\/www.sergiofoto.pl\/en\/artistic-photo-shoot-mother-child-cala-sisine-beach\/"},"author":{"name":"sergiofoto","@id":"http:\/\/www.sergiofoto.pl\/#\/schema\/person\/dd2e45d98226b166e790b64fbb9709fe"},"headline":"Artistic photo shoot for mother and child | Cala Sisine beach","datePublished":"2014-08-14T09:07:12+00:00","dateModified":"2015-11-27T21:25:25+00:00","mainEntityOfPage":{"@id":"https:\/\/www.sergiofoto.pl\/en\/artistic-photo-shoot-mother-child-cala-sisine-beach\/"},"wordCount":76,"commentCount":0,"image":{"@id":"https:\/\/www.sergiofoto.pl\/en\/artistic-photo-shoot-mother-child-cala-sisine-beach\/#primaryimage"},"thumbnailUrl":"https:\/\/www.sergiofoto.pl\/wp-content\/uploads\/2014\/08\/cala-sisine-foto-artistiche-sofia-3-960px1.jpg","keywords":["artystyczna sesja zdj\u0119ciowa","artystyczne zdj\u0119cia","cala sisine","fotograf dzieci","fotografie artystyczne","sesja artystyczna","sesja na pla\u017cy","sesja na sardynii","sesja pla\u017cowa","sesja zdj\u0119ciowa"],"articleSection":["Children","Photo shoots"],"inLanguage":"en","potentialAction":[{"@type":"CommentAction","name":"Comment","target":["https:\/\/www.sergiofoto.pl\/en\/artistic-photo-shoot-mother-child-cala-sisine-beach\/#respond"]}]},{"@type":"WebPage","@id":"https:\/\/www.sergiofoto.pl\/en\/artistic-photo-shoot-mother-child-cala-sisine-beach\/","url":"https:\/\/www.sergiofoto.pl\/en\/artistic-photo-shoot-mother-child-cala-sisine-beach\/","name":"Artistic photo shoot for mother and child | Cala Sisine beach | Fotograf Warszawa","isPartOf":{"@id":"http:\/\/www.sergiofoto.pl\/#website"},"primaryImageOfPage":{"@id":"https:\/\/www.sergiofoto.pl\/en\/artistic-photo-shoot-mother-child-cala-sisine-beach\/#primaryimage"},"image":{"@id":"https:\/\/www.sergiofoto.pl\/en\/artistic-photo-shoot-mother-child-cala-sisine-beach\/#primaryimage"},"thumbnailUrl":"https:\/\/www.sergiofoto.pl\/wp-content\/uploads\/2014\/08\/cala-sisine-foto-artistiche-sofia-3-960px1.jpg","datePublished":"2014-08-14T09:07:12+00:00","dateModified":"2015-11-27T21:25:25+00:00","author":{"@id":"http:\/\/www.sergiofoto.pl\/#\/schema\/person\/dd2e45d98226b166e790b64fbb9709fe"},"description":"Come and see the newest photo shoot for a child and her mother. The photos were taken in Sardiania, on the beach Cala Sisine.","breadcrumb":{"@id":"https:\/\/www.sergiofoto.pl\/en\/artistic-photo-shoot-mother-child-cala-sisine-beach\/#breadcrumb"},"inLanguage":"en","potentialAction":[{"@type":"ReadAction","target":["https:\/\/www.sergiofoto.pl\/en\/artistic-photo-shoot-mother-child-cala-sisine-beach\/"]}]},{"@type":"ImageObject","inLanguage":"en","@id":"https:\/\/www.sergiofoto.pl\/en\/artistic-photo-shoot-mother-child-cala-sisine-beach\/#primaryimage","url":"https:\/\/www.sergiofoto.pl\/wp-content\/uploads\/2014\/08\/cala-sisine-foto-artistiche-sofia-3-960px1.jpg","contentUrl":"https:\/\/www.sergiofoto.pl\/wp-content\/uploads\/2014\/08\/cala-sisine-foto-artistiche-sofia-3-960px1.jpg","width":960,"height":640},{"@type":"BreadcrumbList","@id":"https:\/\/www.sergiofoto.pl\/en\/artistic-photo-shoot-mother-child-cala-sisine-beach\/#breadcrumb","itemListElement":[{"@type":"ListItem","position":1,"name":"Home","item":"https:\/\/www.sergiofoto.pl\/en\/"},{"@type":"ListItem","position":2,"name":"Artistic photo shoot for mother and child | Cala Sisine beach"}]},{"@type":"WebSite","@id":"http:\/\/www.sergiofoto.pl\/#website","url":"http:\/\/www.sergiofoto.pl\/","name":"Sergio's Photography - Fotografia... po w\u0142osku!","description":"Fotograf \u015blubny, okoliczno\u015bciowy i dla dzieci Warszawa. Wyj\u0105tkowe fotografie makija\u017cu, portrety. Fotografia reklamowa. Sesje zdj\u0119ciowe w Warszawie w studio i w plenerze","potentialAction":[{"@type":"SearchAction","target":{"@type":"EntryPoint","urlTemplate":"http:\/\/www.sergiofoto.pl\/?s={search_term_string}"},"query-input":{"@type":"PropertyValueSpecification","valueRequired":true,"valueName":"search_term_string"}}],"inLanguage":"en"},{"@type":"Person","@id":"http:\/\/www.sergiofoto.pl\/#\/schema\/person\/dd2e45d98226b166e790b64fbb9709fe","name":"sergiofoto","image":{"@type":"ImageObject","inLanguage":"en","@id":"https:\/\/secure.gravatar.com\/avatar\/9d7705d1891ceb4928b24acbfaccc8cb0160bc173b0d39fc7a9acbc834a15081?s=96&d=mm&r=g","url":"https:\/\/secure.gravatar.com\/avatar\/9d7705d1891ceb4928b24acbfaccc8cb0160bc173b0d39fc7a9acbc834a15081?s=96&d=mm&r=g","contentUrl":"https:\/\/secure.gravatar.com\/avatar\/9d7705d1891ceb4928b24acbfaccc8cb0160bc173b0d39fc7a9acbc834a15081?s=96&d=mm&r=g","caption":"sergiofoto"},"sameAs":["http:\/\/sergiofoto.pl","https:\/\/www.facebook.com\/sergioloporto"],"url":"https:\/\/www.sergiofoto.pl\/en\/author\/sergiofoto\/"}]}},"_links":{"self":[{"href":"https:\/\/www.sergiofoto.pl\/en\/wp-json\/wp\/v2\/posts\/3540\/"}],"collection":[{"href":"https:\/\/www.sergiofoto.pl\/en\/wp-json\/wp\/v2\/posts\/"}],"about":[{"href":"https:\/\/www.sergiofoto.pl\/en\/wp-json\/wp\/v2\/types\/post\/"}],"author":[{"embeddable":true,"href":"https:\/\/www.sergiofoto.pl\/en\/wp-json\/wp\/v2\/users\/1\/"}],"replies":[{"embeddable":true,"href":"https:\/\/www.sergiofoto.pl\/en\/wp-json\/wp\/v2\/comments\/?post=3540"}],"version-history":[{"count":2,"href":"https:\/\/www.sergiofoto.pl\/en\/wp-json\/wp\/v2\/posts\/3540\/revisions\/"}],"predecessor-version":[{"id":3547,"href":"https:\/\/www.sergiofoto.pl\/en\/wp-json\/wp\/v2\/posts\/3540\/revisions\/3547\/"}],"wp:featuredmedia":[{"embeddable":true,"href":"https:\/\/www.sergiofoto.pl\/en\/wp-json\/wp\/v2\/media\/3545\/"}],"wp:attachment":[{"href":"https:\/\/www.sergiofoto.pl\/en\/wp-json\/wp\/v2\/media\/?parent=3540"}],"wp:term":[{"taxonomy":"category","embeddable":true,"href":"https:\/\/www.sergiofoto.pl\/en\/wp-json\/wp\/v2\/categories\/?post=3540"},{"taxonomy":"post_tag","embeddable":true,"href":"https:\/\/www.sergiofoto.pl\/en\/wp-json\/wp\/v2\/tags\/?post=3540"}],"curies":[{"name":"wp","href":"https:\/\/api.w.org\/{rel}","templated":true}]}}