{"id":3532,"date":"2013-11-23T20:37:56","date_gmt":"2013-11-23T19:37:56","guid":{"rendered":"http:\/\/www.sergioloporto.com\/butterfly-ballerina-w-lesie-olga-halik\/"},"modified":"2015-11-27T21:39:36","modified_gmt":"2015-11-27T20:39:36","slug":"butterfly-ballerina-forest-olga-halik","status":"publish","type":"post","link":"https:\/\/www.sergiofoto.pl\/en\/butterfly-ballerina-forest-olga-halik\/","title":{"rendered":"Butterfly, ballerina in the forest by Olga Halik"},"content":{"rendered":"<p>Here are the effects of the second part of the photo shoot in the forest, where I had the chance to use for the first time the Yongnuo YN-622C wireless transmitters. Olga as usual coped very well during the photoshooting &#8211; it&#8217;s always a pleasure to work with professional models :)\u00a0If you still din&#8217;t see it, take a look at the\u00a0first <a href=\"http:\/\/www.sergioloporto.com\/magic-olga-photoshooting-in-the-forest\/\" target=\"_blank\">photoshooting with Olga<\/a><\/p>\n<p>&nbsp;<\/p>\n<p><a href=\"http:\/\/www.sergiofoto.pl\/wp-content\/uploads\/2013\/11\/butterfly-olga-960.jpg\"><img loading=\"lazy\" decoding=\"async\" class=\"aligncenter size-full wp-image-136\" src=\"http:\/\/www.sergiofoto.pl\/wp-content\/uploads\/2013\/11\/butterfly-olga-960.jpg\" alt=\"Butterfly Olga\" width=\"960\" height=\"640\" srcset=\"https:\/\/www.sergiofoto.pl\/wp-content\/uploads\/2013\/11\/butterfly-olga-960.jpg 960w, https:\/\/www.sergiofoto.pl\/wp-content\/uploads\/2013\/11\/butterfly-olga-960-300x200.jpg 300w\" sizes=\"auto, (max-width: 960px) 100vw, 960px\" \/><\/a><\/p>\n","protected":false},"excerpt":{"rendered":"<p>Here are the effects of the second part of the photo shoot in the forest, where I had the chance to use for the first time the Yongnuo YN-622C wireless transmitters. Olga as usual coped very well during the photoshooting &#8211; it&#8217;s always a pleasure&#8230;<\/p>\n","protected":false},"author":1,"featured_media":3502,"comment_status":"open","ping_status":"open","sticky":false,"template":"","format":"image","meta":{"footnotes":""},"categories":[671,673,670],"tags":[985,1291,1292,1293,1294,1003],"class_list":["post-3532","post","type-post","status-publish","format-image","has-post-thumbnail","hentry","category-dancers","category-mystic-en","category-photo-shoots","tag-balerina-en","tag-ballerina-en","tag-drzewa-en","tag-fotografia-artystyczna-en","tag-las-en","tag-modelka-en","post_format-post-format-image"],"yoast_head":"<!-- This site is optimized with the Yoast SEO plugin v27.3 - https:\/\/yoast.com\/product\/yoast-seo-wordpress\/ -->\n<title>Butterfly, ballerina in the forest by Olga Halik | Fotograf Warszawa<\/title>\n<meta name=\"description\" content=\"Effects of the second photoshoot with Olga. Model in the forest, ballerina project.\" \/>\n<meta name=\"robots\" content=\"index, follow, max-snippet:-1, max-image-preview:large, max-video-preview:-1\" \/>\n<link rel=\"canonical\" href=\"https:\/\/www.sergiofoto.pl\/en\/butterfly-ballerina-forest-olga-halik\/\" \/>\n<meta property=\"og:locale\" content=\"en_US\" \/>\n<meta property=\"og:type\" content=\"article\" \/>\n<meta property=\"og:title\" content=\"Butterfly, ballerina in the forest by Olga Halik | Fotograf Warszawa\" \/>\n<meta property=\"og:description\" content=\"Effects of the second photoshoot with Olga. Model in the forest, ballerina project.\" \/>\n<meta property=\"og:url\" content=\"https:\/\/www.sergiofoto.pl\/en\/butterfly-ballerina-forest-olga-halik\/\" \/>\n<meta property=\"og:site_name\" content=\"Sergio&#039;s Photography - Fotografia... po w\u0142osku!\" \/>\n<meta property=\"article:publisher\" content=\"https:\/\/www.facebook.com\/sergiofotopl\" \/>\n<meta property=\"article:author\" content=\"https:\/\/www.facebook.com\/sergioloporto\" \/>\n<meta property=\"article:published_time\" content=\"2013-11-23T19:37:56+00:00\" \/>\n<meta property=\"article:modified_time\" content=\"2015-11-27T20:39:36+00:00\" \/>\n<meta property=\"og:image\" content=\"https:\/\/www.sergiofoto.pl\/wp-content\/uploads\/2013\/11\/butterfly-olga-960.jpg\" \/>\n\t<meta property=\"og:image:width\" content=\"960\" \/>\n\t<meta property=\"og:image:height\" content=\"640\" \/>\n\t<meta property=\"og:image:type\" content=\"image\/jpeg\" \/>\n<meta name=\"author\" content=\"sergiofoto\" \/>\n<meta name=\"twitter:label1\" content=\"Written by\" \/>\n\t<meta name=\"twitter:data1\" content=\"sergiofoto\" \/>\n<script type=\"application\/ld+json\" class=\"yoast-schema-graph\">{\"@context\":\"https:\\\/\\\/schema.org\",\"@graph\":[{\"@type\":\"Article\",\"@id\":\"https:\\\/\\\/www.sergiofoto.pl\\\/en\\\/butterfly-ballerina-forest-olga-halik\\\/#article\",\"isPartOf\":{\"@id\":\"https:\\\/\\\/www.sergiofoto.pl\\\/en\\\/butterfly-ballerina-forest-olga-halik\\\/\"},\"author\":{\"name\":\"sergiofoto\",\"@id\":\"http:\\\/\\\/www.sergiofoto.pl\\\/#\\\/schema\\\/person\\\/dd2e45d98226b166e790b64fbb9709fe\"},\"headline\":\"Butterfly, ballerina in the forest by Olga Halik\",\"datePublished\":\"2013-11-23T19:37:56+00:00\",\"dateModified\":\"2015-11-27T20:39:36+00:00\",\"mainEntityOfPage\":{\"@id\":\"https:\\\/\\\/www.sergiofoto.pl\\\/en\\\/butterfly-ballerina-forest-olga-halik\\\/\"},\"wordCount\":75,\"commentCount\":0,\"image\":{\"@id\":\"https:\\\/\\\/www.sergiofoto.pl\\\/en\\\/butterfly-ballerina-forest-olga-halik\\\/#primaryimage\"},\"thumbnailUrl\":\"https:\\\/\\\/www.sergiofoto.pl\\\/wp-content\\\/uploads\\\/2013\\\/11\\\/butterfly-olga-960.jpg\",\"keywords\":[\"balerina\",\"ballerina\",\"drzewa\",\"fotografia artystyczna\",\"las\",\"modelka\"],\"articleSection\":[\"Dancers\",\"Mystic\",\"Photo shoots\"],\"inLanguage\":\"en\",\"potentialAction\":[{\"@type\":\"CommentAction\",\"name\":\"Comment\",\"target\":[\"https:\\\/\\\/www.sergiofoto.pl\\\/en\\\/butterfly-ballerina-forest-olga-halik\\\/#respond\"]}]},{\"@type\":\"WebPage\",\"@id\":\"https:\\\/\\\/www.sergiofoto.pl\\\/en\\\/butterfly-ballerina-forest-olga-halik\\\/\",\"url\":\"https:\\\/\\\/www.sergiofoto.pl\\\/en\\\/butterfly-ballerina-forest-olga-halik\\\/\",\"name\":\"Butterfly, ballerina in the forest by Olga Halik | Fotograf Warszawa\",\"isPartOf\":{\"@id\":\"http:\\\/\\\/www.sergiofoto.pl\\\/#website\"},\"primaryImageOfPage\":{\"@id\":\"https:\\\/\\\/www.sergiofoto.pl\\\/en\\\/butterfly-ballerina-forest-olga-halik\\\/#primaryimage\"},\"image\":{\"@id\":\"https:\\\/\\\/www.sergiofoto.pl\\\/en\\\/butterfly-ballerina-forest-olga-halik\\\/#primaryimage\"},\"thumbnailUrl\":\"https:\\\/\\\/www.sergiofoto.pl\\\/wp-content\\\/uploads\\\/2013\\\/11\\\/butterfly-olga-960.jpg\",\"datePublished\":\"2013-11-23T19:37:56+00:00\",\"dateModified\":\"2015-11-27T20:39:36+00:00\",\"author\":{\"@id\":\"http:\\\/\\\/www.sergiofoto.pl\\\/#\\\/schema\\\/person\\\/dd2e45d98226b166e790b64fbb9709fe\"},\"description\":\"Effects of the second photoshoot with Olga. Model in the forest, ballerina project.\",\"breadcrumb\":{\"@id\":\"https:\\\/\\\/www.sergiofoto.pl\\\/en\\\/butterfly-ballerina-forest-olga-halik\\\/#breadcrumb\"},\"inLanguage\":\"en\",\"potentialAction\":[{\"@type\":\"ReadAction\",\"target\":[\"https:\\\/\\\/www.sergiofoto.pl\\\/en\\\/butterfly-ballerina-forest-olga-halik\\\/\"]}]},{\"@type\":\"ImageObject\",\"inLanguage\":\"en\",\"@id\":\"https:\\\/\\\/www.sergiofoto.pl\\\/en\\\/butterfly-ballerina-forest-olga-halik\\\/#primaryimage\",\"url\":\"https:\\\/\\\/www.sergiofoto.pl\\\/wp-content\\\/uploads\\\/2013\\\/11\\\/butterfly-olga-960.jpg\",\"contentUrl\":\"https:\\\/\\\/www.sergiofoto.pl\\\/wp-content\\\/uploads\\\/2013\\\/11\\\/butterfly-olga-960.jpg\",\"width\":960,\"height\":640},{\"@type\":\"BreadcrumbList\",\"@id\":\"https:\\\/\\\/www.sergiofoto.pl\\\/en\\\/butterfly-ballerina-forest-olga-halik\\\/#breadcrumb\",\"itemListElement\":[{\"@type\":\"ListItem\",\"position\":1,\"name\":\"Home\",\"item\":\"https:\\\/\\\/www.sergiofoto.pl\\\/en\\\/\"},{\"@type\":\"ListItem\",\"position\":2,\"name\":\"Butterfly, ballerina in the forest by Olga Halik\"}]},{\"@type\":\"WebSite\",\"@id\":\"http:\\\/\\\/www.sergiofoto.pl\\\/#website\",\"url\":\"http:\\\/\\\/www.sergiofoto.pl\\\/\",\"name\":\"Sergio's Photography - Fotografia... po w\u0142osku!\",\"description\":\"Fotograf \u015blubny, okoliczno\u015bciowy i dla dzieci Warszawa. Wyj\u0105tkowe fotografie makija\u017cu, portrety. Fotografia reklamowa. Sesje zdj\u0119ciowe w Warszawie w studio i w plenerze\",\"potentialAction\":[{\"@type\":\"SearchAction\",\"target\":{\"@type\":\"EntryPoint\",\"urlTemplate\":\"http:\\\/\\\/www.sergiofoto.pl\\\/?s={search_term_string}\"},\"query-input\":{\"@type\":\"PropertyValueSpecification\",\"valueRequired\":true,\"valueName\":\"search_term_string\"}}],\"inLanguage\":\"en\"},{\"@type\":\"Person\",\"@id\":\"http:\\\/\\\/www.sergiofoto.pl\\\/#\\\/schema\\\/person\\\/dd2e45d98226b166e790b64fbb9709fe\",\"name\":\"sergiofoto\",\"image\":{\"@type\":\"ImageObject\",\"inLanguage\":\"en\",\"@id\":\"https:\\\/\\\/secure.gravatar.com\\\/avatar\\\/9d7705d1891ceb4928b24acbfaccc8cb0160bc173b0d39fc7a9acbc834a15081?s=96&d=mm&r=g\",\"url\":\"https:\\\/\\\/secure.gravatar.com\\\/avatar\\\/9d7705d1891ceb4928b24acbfaccc8cb0160bc173b0d39fc7a9acbc834a15081?s=96&d=mm&r=g\",\"contentUrl\":\"https:\\\/\\\/secure.gravatar.com\\\/avatar\\\/9d7705d1891ceb4928b24acbfaccc8cb0160bc173b0d39fc7a9acbc834a15081?s=96&d=mm&r=g\",\"caption\":\"sergiofoto\"},\"sameAs\":[\"http:\\\/\\\/sergiofoto.pl\",\"https:\\\/\\\/www.facebook.com\\\/sergioloporto\"],\"url\":\"https:\\\/\\\/www.sergiofoto.pl\\\/en\\\/author\\\/sergiofoto\\\/\"}]}<\/script>\n<!-- \/ Yoast SEO plugin. -->","yoast_head_json":{"title":"Butterfly, ballerina in the forest by Olga Halik | Fotograf Warszawa","description":"Effects of the second photoshoot with Olga. Model in the forest, ballerina project.","robots":{"index":"index","follow":"follow","max-snippet":"max-snippet:-1","max-image-preview":"max-image-preview:large","max-video-preview":"max-video-preview:-1"},"canonical":"https:\/\/www.sergiofoto.pl\/en\/butterfly-ballerina-forest-olga-halik\/","og_locale":"en_US","og_type":"article","og_title":"Butterfly, ballerina in the forest by Olga Halik | Fotograf Warszawa","og_description":"Effects of the second photoshoot with Olga. Model in the forest, ballerina project.","og_url":"https:\/\/www.sergiofoto.pl\/en\/butterfly-ballerina-forest-olga-halik\/","og_site_name":"Sergio&#039;s Photography - Fotografia... po w\u0142osku!","article_publisher":"https:\/\/www.facebook.com\/sergiofotopl","article_author":"https:\/\/www.facebook.com\/sergioloporto","article_published_time":"2013-11-23T19:37:56+00:00","article_modified_time":"2015-11-27T20:39:36+00:00","og_image":[{"width":960,"height":640,"url":"https:\/\/www.sergiofoto.pl\/wp-content\/uploads\/2013\/11\/butterfly-olga-960.jpg","type":"image\/jpeg"}],"author":"sergiofoto","twitter_misc":{"Written by":"sergiofoto"},"schema":{"@context":"https:\/\/schema.org","@graph":[{"@type":"Article","@id":"https:\/\/www.sergiofoto.pl\/en\/butterfly-ballerina-forest-olga-halik\/#article","isPartOf":{"@id":"https:\/\/www.sergiofoto.pl\/en\/butterfly-ballerina-forest-olga-halik\/"},"author":{"name":"sergiofoto","@id":"http:\/\/www.sergiofoto.pl\/#\/schema\/person\/dd2e45d98226b166e790b64fbb9709fe"},"headline":"Butterfly, ballerina in the forest by Olga Halik","datePublished":"2013-11-23T19:37:56+00:00","dateModified":"2015-11-27T20:39:36+00:00","mainEntityOfPage":{"@id":"https:\/\/www.sergiofoto.pl\/en\/butterfly-ballerina-forest-olga-halik\/"},"wordCount":75,"commentCount":0,"image":{"@id":"https:\/\/www.sergiofoto.pl\/en\/butterfly-ballerina-forest-olga-halik\/#primaryimage"},"thumbnailUrl":"https:\/\/www.sergiofoto.pl\/wp-content\/uploads\/2013\/11\/butterfly-olga-960.jpg","keywords":["balerina","ballerina","drzewa","fotografia artystyczna","las","modelka"],"articleSection":["Dancers","Mystic","Photo shoots"],"inLanguage":"en","potentialAction":[{"@type":"CommentAction","name":"Comment","target":["https:\/\/www.sergiofoto.pl\/en\/butterfly-ballerina-forest-olga-halik\/#respond"]}]},{"@type":"WebPage","@id":"https:\/\/www.sergiofoto.pl\/en\/butterfly-ballerina-forest-olga-halik\/","url":"https:\/\/www.sergiofoto.pl\/en\/butterfly-ballerina-forest-olga-halik\/","name":"Butterfly, ballerina in the forest by Olga Halik | Fotograf Warszawa","isPartOf":{"@id":"http:\/\/www.sergiofoto.pl\/#website"},"primaryImageOfPage":{"@id":"https:\/\/www.sergiofoto.pl\/en\/butterfly-ballerina-forest-olga-halik\/#primaryimage"},"image":{"@id":"https:\/\/www.sergiofoto.pl\/en\/butterfly-ballerina-forest-olga-halik\/#primaryimage"},"thumbnailUrl":"https:\/\/www.sergiofoto.pl\/wp-content\/uploads\/2013\/11\/butterfly-olga-960.jpg","datePublished":"2013-11-23T19:37:56+00:00","dateModified":"2015-11-27T20:39:36+00:00","author":{"@id":"http:\/\/www.sergiofoto.pl\/#\/schema\/person\/dd2e45d98226b166e790b64fbb9709fe"},"description":"Effects of the second photoshoot with Olga. Model in the forest, ballerina project.","breadcrumb":{"@id":"https:\/\/www.sergiofoto.pl\/en\/butterfly-ballerina-forest-olga-halik\/#breadcrumb"},"inLanguage":"en","potentialAction":[{"@type":"ReadAction","target":["https:\/\/www.sergiofoto.pl\/en\/butterfly-ballerina-forest-olga-halik\/"]}]},{"@type":"ImageObject","inLanguage":"en","@id":"https:\/\/www.sergiofoto.pl\/en\/butterfly-ballerina-forest-olga-halik\/#primaryimage","url":"https:\/\/www.sergiofoto.pl\/wp-content\/uploads\/2013\/11\/butterfly-olga-960.jpg","contentUrl":"https:\/\/www.sergiofoto.pl\/wp-content\/uploads\/2013\/11\/butterfly-olga-960.jpg","width":960,"height":640},{"@type":"BreadcrumbList","@id":"https:\/\/www.sergiofoto.pl\/en\/butterfly-ballerina-forest-olga-halik\/#breadcrumb","itemListElement":[{"@type":"ListItem","position":1,"name":"Home","item":"https:\/\/www.sergiofoto.pl\/en\/"},{"@type":"ListItem","position":2,"name":"Butterfly, ballerina in the forest by Olga Halik"}]},{"@type":"WebSite","@id":"http:\/\/www.sergiofoto.pl\/#website","url":"http:\/\/www.sergiofoto.pl\/","name":"Sergio's Photography - Fotografia... po w\u0142osku!","description":"Fotograf \u015blubny, okoliczno\u015bciowy i dla dzieci Warszawa. Wyj\u0105tkowe fotografie makija\u017cu, portrety. Fotografia reklamowa. Sesje zdj\u0119ciowe w Warszawie w studio i w plenerze","potentialAction":[{"@type":"SearchAction","target":{"@type":"EntryPoint","urlTemplate":"http:\/\/www.sergiofoto.pl\/?s={search_term_string}"},"query-input":{"@type":"PropertyValueSpecification","valueRequired":true,"valueName":"search_term_string"}}],"inLanguage":"en"},{"@type":"Person","@id":"http:\/\/www.sergiofoto.pl\/#\/schema\/person\/dd2e45d98226b166e790b64fbb9709fe","name":"sergiofoto","image":{"@type":"ImageObject","inLanguage":"en","@id":"https:\/\/secure.gravatar.com\/avatar\/9d7705d1891ceb4928b24acbfaccc8cb0160bc173b0d39fc7a9acbc834a15081?s=96&d=mm&r=g","url":"https:\/\/secure.gravatar.com\/avatar\/9d7705d1891ceb4928b24acbfaccc8cb0160bc173b0d39fc7a9acbc834a15081?s=96&d=mm&r=g","contentUrl":"https:\/\/secure.gravatar.com\/avatar\/9d7705d1891ceb4928b24acbfaccc8cb0160bc173b0d39fc7a9acbc834a15081?s=96&d=mm&r=g","caption":"sergiofoto"},"sameAs":["http:\/\/sergiofoto.pl","https:\/\/www.facebook.com\/sergioloporto"],"url":"https:\/\/www.sergiofoto.pl\/en\/author\/sergiofoto\/"}]}},"_links":{"self":[{"href":"https:\/\/www.sergiofoto.pl\/en\/wp-json\/wp\/v2\/posts\/3532\/"}],"collection":[{"href":"https:\/\/www.sergiofoto.pl\/en\/wp-json\/wp\/v2\/posts\/"}],"about":[{"href":"https:\/\/www.sergiofoto.pl\/en\/wp-json\/wp\/v2\/types\/post\/"}],"author":[{"embeddable":true,"href":"https:\/\/www.sergiofoto.pl\/en\/wp-json\/wp\/v2\/users\/1\/"}],"replies":[{"embeddable":true,"href":"https:\/\/www.sergiofoto.pl\/en\/wp-json\/wp\/v2\/comments\/?post=3532"}],"version-history":[{"count":3,"href":"https:\/\/www.sergiofoto.pl\/en\/wp-json\/wp\/v2\/posts\/3532\/revisions\/"}],"predecessor-version":[{"id":3538,"href":"https:\/\/www.sergiofoto.pl\/en\/wp-json\/wp\/v2\/posts\/3532\/revisions\/3538\/"}],"wp:featuredmedia":[{"embeddable":true,"href":"https:\/\/www.sergiofoto.pl\/en\/wp-json\/wp\/v2\/media\/3502\/"}],"wp:attachment":[{"href":"https:\/\/www.sergiofoto.pl\/en\/wp-json\/wp\/v2\/media\/?parent=3532"}],"wp:term":[{"taxonomy":"category","embeddable":true,"href":"https:\/\/www.sergiofoto.pl\/en\/wp-json\/wp\/v2\/categories\/?post=3532"},{"taxonomy":"post_tag","embeddable":true,"href":"https:\/\/www.sergiofoto.pl\/en\/wp-json\/wp\/v2\/tags\/?post=3532"}],"curies":[{"name":"wp","href":"https:\/\/api.w.org\/{rel}","templated":true}]}}